{"id":2211,"date":"2021-11-08T10:23:01","date_gmt":"2021-11-08T08:23:01","guid":{"rendered":"https:\/\/www.jaermuseet.no\/flyhistorisk\/?p=2211"},"modified":"2021-11-08T10:23:02","modified_gmt":"2021-11-08T08:23:02","slug":"john-wiese","status":"publish","type":"post","link":"https:\/\/www.jaermuseet.no\/flyhistorisk\/john-wiese\/","title":{"rendered":"John Wiese"},"content":{"rendered":"\n<h2 class=\"wp-block-heading\" id=\"block-187d81fd-e488-4911-ab8e-280b383352d3\">Jagerflyger og maritimt patruljeflyflyger p\u00e5 1960-tallet<\/h2>\n\n\n\n<p>John Wiese ble f\u00f8dt i 1940 og vokste opp i Oslo. Han har v\u00e6rt flyinteressert s\u00e5 lenge han kan huske. Da han var syv \u00e5r gammel fikk han sin f\u00f8rste n\u00e6rkontakt med fly sammen med en klassekamerat som hadde Per Backe som far. Per Backe var administrerende direkt\u00f8rer i Det Norske Luftfartsselskap og tok guttene med til Fornebu hvor de blant annet fikk komme om bord i en DC-3. John minnes tilbake til dette som en stor opplevelse, men det ble lenge til hans f\u00f8rste flytur som fant sted i en 4-seters Cessna fra Wider\u00f8e da han var 15 \u00e5r gammel. I mellomtiden var han en ivrig modellflybygger og leser engelske flyblader og han startet etter hvert p\u00e5 seilflykurs og som han fullf\u00f8rte sommeren 1958.<\/p>\n\n\n\n<p>Etter at han fullf\u00f8rte artium i 1959, med et halvt \u00e5r til sj\u00f8s innimellom studiene, s\u00f8kte han p\u00e5 Flygeskolen og ble kalt inn p\u00e5 opptakspr\u00f8ver. Etter \u00e5 ha kommet seg gjennom n\u00e5l\u00f8yet begynte han p\u00e5 rekruttskolen p\u00e5 V\u00e6rens i august 1959 etterfulgt av 20 timers uttaksflygning p\u00e5 Saab Safir, teorikurs, engelskundervisning og to m\u00e5neders befalskurs. Deretter gikk veien videre til Canada med en DC-7 fra SAS i mars 1960.<\/p>\n\n\n\n<p>Etter spr\u00e5kskole og 25 timer p\u00e5 Chipmunk p\u00e5 Centralia ventet et halvt \u00e5rs tid med Harvard p\u00e5 Moose Jaw. Etter omkring 200 timer p\u00e5 Harvard gikk veien videre til Gimli like f\u00f8r julen 1960. Utp\u00e5 ny\u00e5ret fikk John stifte bekjentskap med den canadiske versjonen av T-33 som han fl\u00f8y mellom januar og mai 1961. Han returnerte deretter hjem med flyvingen p\u00e5 brystet for \u00e5 ta fatt p\u00e5 overf\u00f8ringsprosgrammet ved 718 skvadron p\u00e5 Sola. Deretter ble han sendt til Bod\u00f8 og 331 skvadron for \u00e5 fly F-86F Sabre.<\/p>\n\n\n\n<p>John forteller at han stortrivdes med \u00e5 fly F-86F, men gleden ble kortvarig. Ettersom 331 skvadron snart skulle ta i bruk F-104G Starfighter m\u00e5tte mange av skvadronenes yngre og forholdsvis uerfarne flygere vike til fordel for de mer erfarne flygerne som skulle tjenestegjort p\u00e5 skvadronen n\u00e5r den etter hvert mottok F-104. Til sin store skuffelse ble John beordret til Sola og 330 skvadron for \u00e5 tjenestegj\u00f8r p\u00e5 Albatross fra ny\u00e5ret 1962. Utp\u00e5 sommeren ble perioden p\u00e5 Sola etterfulgt av en beordring til 333 skvadron p\u00e5 And\u00f8ya for \u00e5 fly Albatross p\u00e5 operative oppdrag.<\/p>\n\n\n\n<p>For \u00e5 slippe \u00e5 fly Albatross s\u00f8kte han seg til Luftkrigsskolen hvorp\u00e5 han ble kalt inn til opptakspr\u00f8ver. P\u00e5 denne tiden var det faktisk stor rift om plassene p\u00e5 Luftkrigsskolen og etter at opptakspr\u00f8vene var gjennomf\u00f8rt stod de igjen med 22 elever til 20 plasser. John forteller at det var de to yngste som m\u00e5tte vike n\u00e5r, deriblant han selv. Han m\u00e5tte dermed reise tilbake til 333 skvadron og And\u00f8ya for \u00e5 fortsette sin vanlige skvadrontjeneste.<\/p>\n\n\n\n<p>P\u00e5 denne tiden hadde flygerne i teorien tre \u00e5rs plikttjeneste, men de var pliktige \u00e5 fortsette ytterligere tre \u00e5r p\u00e5 \u00e5rem\u00e5lskontrakt dersom Luftforsvaret \u00f8nsket det. Dette ble sjeldent fraveket, s\u00e5 i praksis hadde flygerne seks \u00e5rs plikttjeneste. John lurer p\u00e5 om Luftforsvaret glemte han p\u00e5 grunn av ukene han hadde v\u00e6rt p\u00e5 opptakspr\u00f8ver p\u00e5 Luftkrigsskolen i Trondheim. Han s\u00e5 i alle fall aldri noe til \u00e5rem\u00e5lskontrakten. Etter \u00e5 ha unders\u00f8kt saken litt rundt forbi, fikk han kun dager f\u00f8r han egentlig skulle forfremmes til l\u00f8ytnant p\u00e5 tre\u00e5rsdagen for uteksamineringen fra Flygeskolen beskjed om at han var fritatt videre tjeneste fra tre\u00e5rsdagen for uteksamineringen fra flyskolen i Canada.<\/p>\n\n\n\n<p>John fikk seg deretter raskt sesongkontrakt i Wider\u00f8e hvor han ble ansatt for \u00e5 fly Noorduyn Norseman i Nord-Norge sommersesongen 1964 med base i Alta. Mens han ble sjekket ut av Hans G. Lund p\u00e5 Norseman og fl\u00f8y opp til sivilt B-sertifikat inkludert sj\u00f8flygning, fl\u00f8y han ogs\u00e5 Otter p\u00e5 Skatt\u00f8ra som styrmann. Mens Otteren fl\u00f8y p\u00e5 sj\u00f8flyrutene, ble Norsemanen benyttet til alt annet.&nbsp; S\u00e5 lenge det var lyst d\u00f8gnet rundt, kunne det bli lange dager og John hadde ambulansevakt 24 timer i d\u00f8gnet gjennom hele sommerperioden med telefon p\u00e5 nattbordet og flyet rett utenfor. Hverdagen bestod blant annet av \u00e5 fly legetransport, den lokale lensmann som sjekket&nbsp;at ikke laksen\u00f8tene var \u00e5pne i helgene, turister som skulle se Nordkapp, samer som var p\u00e5 handletur, flyttet leir eller reinleting og fiskere og jegere. P\u00e5 det meste hadde han 17 timer i luften i l\u00f8pet av en 24-timers periode.<\/p>\n\n\n\n<p>M\u00e5neden etter at kontakten med Wider\u00f8e l\u00f8p ut i oktober, fikk John jobb i Braathens hvor han f\u00f8rst fl\u00f8y Fokker F27 Friendship etterfulgt av Fokker F28 Fellowship og Boeing 737, hvorp\u00e5 han fl\u00f8y hele 17&nbsp;000 timer i sistnevnte fly. Da han ved fylte 60 \u00e5r ble for gammel til \u00e5 fly for Braathens fikk han seg en rekke ulike flygerjobber i mindre flyselskaper og fortsatte virket som kommersiell flyger frem til han ble 74 \u00e5r. Frem til da opparbeidet han seg 31&nbsp;000 flytimer som nok m\u00e5 v\u00e6re norgesrekord. Siden da har han v\u00e6rt aktiv sm\u00e5flyger og han flyr fortsatt sj\u00f8fly.<\/p>\n\n\n\n<p>John Wieseble intervjuet av Sondre B. Hvam (konservator nmf og ph.d-kandidat ansatt i J\u00e6rmuseet) 12. august 2021.<\/p>\n\n\n\n<figure class=\"wp-block-gallery columns-2 is-cropped wp-block-gallery-1 is-layout-flex wp-block-gallery-is-layout-flex\"><ul class=\"blocks-gallery-grid\"><li class=\"blocks-gallery-item\"><figure><img loading=\"lazy\" decoding=\"async\" width=\"1024\" height=\"680\" src=\"https:\/\/www.jaermuseet.no\/flyhistorisk\/wp-content\/uploads\/sites\/4\/2021\/11\/JohnWiese2-1024x680.jpg\" alt=\"\" data-id=\"2215\" data-full-url=\"https:\/\/www.jaermuseet.no\/flyhistorisk\/wp-content\/uploads\/sites\/4\/2021\/11\/JohnWiese2-scaled.jpg\" data-link=\"https:\/\/www.jaermuseet.no\/flyhistorisk\/?attachment_id=2215\" class=\"wp-image-2215\" srcset=\"https:\/\/www.jaermuseet.no\/flyhistorisk\/wp-content\/uploads\/sites\/4\/2021\/11\/JohnWiese2-1024x680.jpg 1024w, https:\/\/www.jaermuseet.no\/flyhistorisk\/wp-content\/uploads\/sites\/4\/2021\/11\/JohnWiese2-300x199.jpg 300w, https:\/\/www.jaermuseet.no\/flyhistorisk\/wp-content\/uploads\/sites\/4\/2021\/11\/JohnWiese2-200x133.jpg 200w, https:\/\/www.jaermuseet.no\/flyhistorisk\/wp-content\/uploads\/sites\/4\/2021\/11\/JohnWiese2-1536x1020.jpg 1536w, https:\/\/www.jaermuseet.no\/flyhistorisk\/wp-content\/uploads\/sites\/4\/2021\/11\/JohnWiese2-2048x1360.jpg 2048w, https:\/\/www.jaermuseet.no\/flyhistorisk\/wp-content\/uploads\/sites\/4\/2021\/11\/JohnWiese2-250x166.jpg 250w\" sizes=\"auto, (max-width: 1024px) 100vw, 1024px\" \/><figcaption class=\"blocks-gallery-item__caption\"> Foto: John Wiese \/ John Wieses-samling, J\u00e6rmuseet <\/figcaption><\/figure><\/li><li class=\"blocks-gallery-item\"><figure><img loading=\"lazy\" decoding=\"async\" width=\"1024\" height=\"677\" src=\"https:\/\/www.jaermuseet.no\/flyhistorisk\/wp-content\/uploads\/sites\/4\/2021\/11\/JohnWiese1-1024x677.jpg\" alt=\"\" data-id=\"2214\" data-full-url=\"https:\/\/www.jaermuseet.no\/flyhistorisk\/wp-content\/uploads\/sites\/4\/2021\/11\/JohnWiese1-scaled.jpg\" data-link=\"https:\/\/www.jaermuseet.no\/flyhistorisk\/?attachment_id=2214\" class=\"wp-image-2214\" srcset=\"https:\/\/www.jaermuseet.no\/flyhistorisk\/wp-content\/uploads\/sites\/4\/2021\/11\/JohnWiese1-1024x677.jpg 1024w, https:\/\/www.jaermuseet.no\/flyhistorisk\/wp-content\/uploads\/sites\/4\/2021\/11\/JohnWiese1-300x198.jpg 300w, https:\/\/www.jaermuseet.no\/flyhistorisk\/wp-content\/uploads\/sites\/4\/2021\/11\/JohnWiese1-200x132.jpg 200w, https:\/\/www.jaermuseet.no\/flyhistorisk\/wp-content\/uploads\/sites\/4\/2021\/11\/JohnWiese1-1536x1015.jpg 1536w, https:\/\/www.jaermuseet.no\/flyhistorisk\/wp-content\/uploads\/sites\/4\/2021\/11\/JohnWiese1-2048x1353.jpg 2048w, https:\/\/www.jaermuseet.no\/flyhistorisk\/wp-content\/uploads\/sites\/4\/2021\/11\/JohnWiese1-250x165.jpg 250w\" sizes=\"auto, (max-width: 1024px) 100vw, 1024px\" \/><figcaption class=\"blocks-gallery-item__caption\"><br><br><br>Foto: John Wiese \/ John Wieses-samling, J\u00e6rmuseet<\/figcaption><\/figure><\/li><\/ul><\/figure>\n","protected":false},"excerpt":{"rendered":"<p>Jagerflyger og maritimt patruljeflyflyger p\u00e5 1960-tallet John Wiese ble f\u00f8dt&#8230;<\/p>\n","protected":false},"author":3,"featured_media":2213,"comment_status":"closed","ping_status":"closed","sticky":false,"template":"","format":"standard","meta":{"_acf_changed":false,"_jetpack_memberships_contains_paid_content":false,"footnotes":""},"categories":[27],"tags":[],"class_list":["post-2211","post","type-post","status-publish","format-standard","has-post-thumbnail","hentry","category-minnebanken","featured-image-size-large"],"acf":[],"yoast_head":"<!-- This site is optimized with the Yoast SEO plugin v27.4 - https:\/\/yoast.com\/product\/yoast-seo-wordpress\/ -->\n<title>John Wiese - Flyhistorisk Museum Sola<\/title>\n<meta name=\"robots\" content=\"index, follow, max-snippet:-1, max-image-preview:large, max-video-preview:-1\" \/>\n<link rel=\"canonical\" href=\"https:\/\/www.jaermuseet.no\/flyhistorisk\/john-wiese\/\" \/>\n<meta property=\"og:locale\" content=\"nn_NO\" \/>\n<meta property=\"og:type\" content=\"article\" \/>\n<meta property=\"og:title\" content=\"John Wiese - Flyhistorisk Museum Sola\" \/>\n<meta property=\"og:description\" content=\"Jagerflyger og maritimt patruljeflyflyger p\u00e5 1960-tallet John Wiese ble f\u00f8dt...\" \/>\n<meta property=\"og:url\" content=\"https:\/\/www.jaermuseet.no\/flyhistorisk\/john-wiese\/\" \/>\n<meta property=\"og:site_name\" content=\"Flyhistorisk Museum Sola\" \/>\n<meta property=\"article:published_time\" content=\"2021-11-08T08:23:01+00:00\" \/>\n<meta property=\"article:modified_time\" content=\"2021-11-08T08:23:02+00:00\" \/>\n<meta property=\"og:image\" content=\"https:\/\/www.jaermuseet.no\/flyhistorisk\/wp-content\/uploads\/sites\/4\/2021\/11\/JohnWiese.jpg\" \/>\n\t<meta property=\"og:image:width\" content=\"1932\" \/>\n\t<meta property=\"og:image:height\" content=\"1231\" \/>\n\t<meta property=\"og:image:type\" content=\"image\/jpeg\" \/>\n<meta name=\"author\" content=\"Flyhistorisk\" \/>\n<meta name=\"twitter:card\" content=\"summary_large_image\" \/>\n<meta name=\"twitter:label1\" content=\"Written by\" \/>\n\t<meta name=\"twitter:data1\" content=\"Flyhistorisk\" \/>\n\t<meta name=\"twitter:label2\" content=\"Est. reading time\" \/>\n\t<meta name=\"twitter:data2\" content=\"5 minutt\" \/>\n<script type=\"application\/ld+json\" class=\"yoast-schema-graph\">{\"@context\":\"https:\\\/\\\/schema.org\",\"@graph\":[{\"@type\":\"Article\",\"@id\":\"https:\\\/\\\/www.jaermuseet.no\\\/flyhistorisk\\\/john-wiese\\\/#article\",\"isPartOf\":{\"@id\":\"https:\\\/\\\/www.jaermuseet.no\\\/flyhistorisk\\\/john-wiese\\\/\"},\"author\":{\"name\":\"Flyhistorisk\",\"@id\":\"https:\\\/\\\/www.jaermuseet.no\\\/flyhistorisk\\\/#\\\/schema\\\/person\\\/fb7c64a141b10ccbf139c101c1c39297\"},\"headline\":\"John Wiese\",\"datePublished\":\"2021-11-08T08:23:01+00:00\",\"dateModified\":\"2021-11-08T08:23:02+00:00\",\"mainEntityOfPage\":{\"@id\":\"https:\\\/\\\/www.jaermuseet.no\\\/flyhistorisk\\\/john-wiese\\\/\"},\"wordCount\":872,\"image\":{\"@id\":\"https:\\\/\\\/www.jaermuseet.no\\\/flyhistorisk\\\/john-wiese\\\/#primaryimage\"},\"thumbnailUrl\":\"https:\\\/\\\/www.jaermuseet.no\\\/flyhistorisk\\\/wp-content\\\/uploads\\\/sites\\\/4\\\/2021\\\/11\\\/JohnWiese.jpg\",\"articleSection\":[\"Minnebanken\"],\"inLanguage\":\"nn-NO\"},{\"@type\":\"WebPage\",\"@id\":\"https:\\\/\\\/www.jaermuseet.no\\\/flyhistorisk\\\/john-wiese\\\/\",\"url\":\"https:\\\/\\\/www.jaermuseet.no\\\/flyhistorisk\\\/john-wiese\\\/\",\"name\":\"John Wiese - Flyhistorisk Museum Sola\",\"isPartOf\":{\"@id\":\"https:\\\/\\\/www.jaermuseet.no\\\/flyhistorisk\\\/#website\"},\"primaryImageOfPage\":{\"@id\":\"https:\\\/\\\/www.jaermuseet.no\\\/flyhistorisk\\\/john-wiese\\\/#primaryimage\"},\"image\":{\"@id\":\"https:\\\/\\\/www.jaermuseet.no\\\/flyhistorisk\\\/john-wiese\\\/#primaryimage\"},\"thumbnailUrl\":\"https:\\\/\\\/www.jaermuseet.no\\\/flyhistorisk\\\/wp-content\\\/uploads\\\/sites\\\/4\\\/2021\\\/11\\\/JohnWiese.jpg\",\"datePublished\":\"2021-11-08T08:23:01+00:00\",\"dateModified\":\"2021-11-08T08:23:02+00:00\",\"author\":{\"@id\":\"https:\\\/\\\/www.jaermuseet.no\\\/flyhistorisk\\\/#\\\/schema\\\/person\\\/fb7c64a141b10ccbf139c101c1c39297\"},\"breadcrumb\":{\"@id\":\"https:\\\/\\\/www.jaermuseet.no\\\/flyhistorisk\\\/john-wiese\\\/#breadcrumb\"},\"inLanguage\":\"nn-NO\",\"potentialAction\":[{\"@type\":\"ReadAction\",\"target\":[\"https:\\\/\\\/www.jaermuseet.no\\\/flyhistorisk\\\/john-wiese\\\/\"]}]},{\"@type\":\"ImageObject\",\"inLanguage\":\"nn-NO\",\"@id\":\"https:\\\/\\\/www.jaermuseet.no\\\/flyhistorisk\\\/john-wiese\\\/#primaryimage\",\"url\":\"https:\\\/\\\/www.jaermuseet.no\\\/flyhistorisk\\\/wp-content\\\/uploads\\\/sites\\\/4\\\/2021\\\/11\\\/JohnWiese.jpg\",\"contentUrl\":\"https:\\\/\\\/www.jaermuseet.no\\\/flyhistorisk\\\/wp-content\\\/uploads\\\/sites\\\/4\\\/2021\\\/11\\\/JohnWiese.jpg\",\"width\":1932,\"height\":1231},{\"@type\":\"BreadcrumbList\",\"@id\":\"https:\\\/\\\/www.jaermuseet.no\\\/flyhistorisk\\\/john-wiese\\\/#breadcrumb\",\"itemListElement\":[{\"@type\":\"ListItem\",\"position\":1,\"name\":\"Hjem\",\"item\":\"https:\\\/\\\/www.jaermuseet.no\\\/flyhistorisk\\\/\"},{\"@type\":\"ListItem\",\"position\":2,\"name\":\"John Wiese\"}]},{\"@type\":\"WebSite\",\"@id\":\"https:\\\/\\\/www.jaermuseet.no\\\/flyhistorisk\\\/#website\",\"url\":\"https:\\\/\\\/www.jaermuseet.no\\\/flyhistorisk\\\/\",\"name\":\"Flyhistorisk Museum Sola\",\"description\":\"One of Norway\u2019s largest civil collections of airplanes\",\"potentialAction\":[{\"@type\":\"SearchAction\",\"target\":{\"@type\":\"EntryPoint\",\"urlTemplate\":\"https:\\\/\\\/www.jaermuseet.no\\\/flyhistorisk\\\/?s={search_term_string}\"},\"query-input\":{\"@type\":\"PropertyValueSpecification\",\"valueRequired\":true,\"valueName\":\"search_term_string\"}}],\"inLanguage\":\"nn-NO\"},{\"@type\":\"Person\",\"@id\":\"https:\\\/\\\/www.jaermuseet.no\\\/flyhistorisk\\\/#\\\/schema\\\/person\\\/fb7c64a141b10ccbf139c101c1c39297\",\"name\":\"Flyhistorisk\",\"image\":{\"@type\":\"ImageObject\",\"inLanguage\":\"nn-NO\",\"@id\":\"https:\\\/\\\/secure.gravatar.com\\\/avatar\\\/6a67dd7f87836b69b29b49028b01bea26bbf872caff3451d17e160f5c4c6e156?s=96&d=mm&r=g\",\"url\":\"https:\\\/\\\/secure.gravatar.com\\\/avatar\\\/6a67dd7f87836b69b29b49028b01bea26bbf872caff3451d17e160f5c4c6e156?s=96&d=mm&r=g\",\"contentUrl\":\"https:\\\/\\\/secure.gravatar.com\\\/avatar\\\/6a67dd7f87836b69b29b49028b01bea26bbf872caff3451d17e160f5c4c6e156?s=96&d=mm&r=g\",\"caption\":\"Flyhistorisk\"},\"url\":\"https:\\\/\\\/www.jaermuseet.no\\\/flyhistorisk\\\/author\\\/flyhistorisk\\\/\"}]}<\/script>\n<!-- \/ Yoast SEO plugin. -->","yoast_head_json":{"title":"John Wiese - Flyhistorisk Museum Sola","robots":{"index":"index","follow":"follow","max-snippet":"max-snippet:-1","max-image-preview":"max-image-preview:large","max-video-preview":"max-video-preview:-1"},"canonical":"https:\/\/www.jaermuseet.no\/flyhistorisk\/john-wiese\/","og_locale":"nn_NO","og_type":"article","og_title":"John Wiese - Flyhistorisk Museum Sola","og_description":"Jagerflyger og maritimt patruljeflyflyger p\u00e5 1960-tallet John Wiese ble f\u00f8dt...","og_url":"https:\/\/www.jaermuseet.no\/flyhistorisk\/john-wiese\/","og_site_name":"Flyhistorisk Museum Sola","article_published_time":"2021-11-08T08:23:01+00:00","article_modified_time":"2021-11-08T08:23:02+00:00","og_image":[{"width":1932,"height":1231,"url":"https:\/\/www.jaermuseet.no\/flyhistorisk\/wp-content\/uploads\/sites\/4\/2021\/11\/JohnWiese.jpg","type":"image\/jpeg"}],"author":"Flyhistorisk","twitter_card":"summary_large_image","twitter_misc":{"Written by":"Flyhistorisk","Est. reading time":"5 minutt"},"schema":{"@context":"https:\/\/schema.org","@graph":[{"@type":"Article","@id":"https:\/\/www.jaermuseet.no\/flyhistorisk\/john-wiese\/#article","isPartOf":{"@id":"https:\/\/www.jaermuseet.no\/flyhistorisk\/john-wiese\/"},"author":{"name":"Flyhistorisk","@id":"https:\/\/www.jaermuseet.no\/flyhistorisk\/#\/schema\/person\/fb7c64a141b10ccbf139c101c1c39297"},"headline":"John Wiese","datePublished":"2021-11-08T08:23:01+00:00","dateModified":"2021-11-08T08:23:02+00:00","mainEntityOfPage":{"@id":"https:\/\/www.jaermuseet.no\/flyhistorisk\/john-wiese\/"},"wordCount":872,"image":{"@id":"https:\/\/www.jaermuseet.no\/flyhistorisk\/john-wiese\/#primaryimage"},"thumbnailUrl":"https:\/\/www.jaermuseet.no\/flyhistorisk\/wp-content\/uploads\/sites\/4\/2021\/11\/JohnWiese.jpg","articleSection":["Minnebanken"],"inLanguage":"nn-NO"},{"@type":"WebPage","@id":"https:\/\/www.jaermuseet.no\/flyhistorisk\/john-wiese\/","url":"https:\/\/www.jaermuseet.no\/flyhistorisk\/john-wiese\/","name":"John Wiese - Flyhistorisk Museum Sola","isPartOf":{"@id":"https:\/\/www.jaermuseet.no\/flyhistorisk\/#website"},"primaryImageOfPage":{"@id":"https:\/\/www.jaermuseet.no\/flyhistorisk\/john-wiese\/#primaryimage"},"image":{"@id":"https:\/\/www.jaermuseet.no\/flyhistorisk\/john-wiese\/#primaryimage"},"thumbnailUrl":"https:\/\/www.jaermuseet.no\/flyhistorisk\/wp-content\/uploads\/sites\/4\/2021\/11\/JohnWiese.jpg","datePublished":"2021-11-08T08:23:01+00:00","dateModified":"2021-11-08T08:23:02+00:00","author":{"@id":"https:\/\/www.jaermuseet.no\/flyhistorisk\/#\/schema\/person\/fb7c64a141b10ccbf139c101c1c39297"},"breadcrumb":{"@id":"https:\/\/www.jaermuseet.no\/flyhistorisk\/john-wiese\/#breadcrumb"},"inLanguage":"nn-NO","potentialAction":[{"@type":"ReadAction","target":["https:\/\/www.jaermuseet.no\/flyhistorisk\/john-wiese\/"]}]},{"@type":"ImageObject","inLanguage":"nn-NO","@id":"https:\/\/www.jaermuseet.no\/flyhistorisk\/john-wiese\/#primaryimage","url":"https:\/\/www.jaermuseet.no\/flyhistorisk\/wp-content\/uploads\/sites\/4\/2021\/11\/JohnWiese.jpg","contentUrl":"https:\/\/www.jaermuseet.no\/flyhistorisk\/wp-content\/uploads\/sites\/4\/2021\/11\/JohnWiese.jpg","width":1932,"height":1231},{"@type":"BreadcrumbList","@id":"https:\/\/www.jaermuseet.no\/flyhistorisk\/john-wiese\/#breadcrumb","itemListElement":[{"@type":"ListItem","position":1,"name":"Hjem","item":"https:\/\/www.jaermuseet.no\/flyhistorisk\/"},{"@type":"ListItem","position":2,"name":"John Wiese"}]},{"@type":"WebSite","@id":"https:\/\/www.jaermuseet.no\/flyhistorisk\/#website","url":"https:\/\/www.jaermuseet.no\/flyhistorisk\/","name":"Flyhistorisk Museum Sola","description":"One of Norway\u2019s largest civil collections of airplanes","potentialAction":[{"@type":"SearchAction","target":{"@type":"EntryPoint","urlTemplate":"https:\/\/www.jaermuseet.no\/flyhistorisk\/?s={search_term_string}"},"query-input":{"@type":"PropertyValueSpecification","valueRequired":true,"valueName":"search_term_string"}}],"inLanguage":"nn-NO"},{"@type":"Person","@id":"https:\/\/www.jaermuseet.no\/flyhistorisk\/#\/schema\/person\/fb7c64a141b10ccbf139c101c1c39297","name":"Flyhistorisk","image":{"@type":"ImageObject","inLanguage":"nn-NO","@id":"https:\/\/secure.gravatar.com\/avatar\/6a67dd7f87836b69b29b49028b01bea26bbf872caff3451d17e160f5c4c6e156?s=96&d=mm&r=g","url":"https:\/\/secure.gravatar.com\/avatar\/6a67dd7f87836b69b29b49028b01bea26bbf872caff3451d17e160f5c4c6e156?s=96&d=mm&r=g","contentUrl":"https:\/\/secure.gravatar.com\/avatar\/6a67dd7f87836b69b29b49028b01bea26bbf872caff3451d17e160f5c4c6e156?s=96&d=mm&r=g","caption":"Flyhistorisk"},"url":"https:\/\/www.jaermuseet.no\/flyhistorisk\/author\/flyhistorisk\/"}]}},"cc_featured_image_caption":{"caption_text":"","source_text":"","source_url":""},"jetpack_featured_media_url":"https:\/\/www.jaermuseet.no\/flyhistorisk\/wp-content\/uploads\/sites\/4\/2021\/11\/JohnWiese.jpg","jetpack_sharing_enabled":true,"_links":{"self":[{"href":"https:\/\/www.jaermuseet.no\/flyhistorisk\/wp-json\/wp\/v2\/posts\/2211","targetHints":{"allow":["GET"]}}],"collection":[{"href":"https:\/\/www.jaermuseet.no\/flyhistorisk\/wp-json\/wp\/v2\/posts"}],"about":[{"href":"https:\/\/www.jaermuseet.no\/flyhistorisk\/wp-json\/wp\/v2\/types\/post"}],"author":[{"embeddable":true,"href":"https:\/\/www.jaermuseet.no\/flyhistorisk\/wp-json\/wp\/v2\/users\/3"}],"replies":[{"embeddable":true,"href":"https:\/\/www.jaermuseet.no\/flyhistorisk\/wp-json\/wp\/v2\/comments?post=2211"}],"version-history":[{"count":1,"href":"https:\/\/www.jaermuseet.no\/flyhistorisk\/wp-json\/wp\/v2\/posts\/2211\/revisions"}],"predecessor-version":[{"id":2216,"href":"https:\/\/www.jaermuseet.no\/flyhistorisk\/wp-json\/wp\/v2\/posts\/2211\/revisions\/2216"}],"wp:featuredmedia":[{"embeddable":true,"href":"https:\/\/www.jaermuseet.no\/flyhistorisk\/wp-json\/wp\/v2\/media\/2213"}],"wp:attachment":[{"href":"https:\/\/www.jaermuseet.no\/flyhistorisk\/wp-json\/wp\/v2\/media?parent=2211"}],"wp:term":[{"taxonomy":"category","embeddable":true,"href":"https:\/\/www.jaermuseet.no\/flyhistorisk\/wp-json\/wp\/v2\/categories?post=2211"},{"taxonomy":"post_tag","embeddable":true,"href":"https:\/\/www.jaermuseet.no\/flyhistorisk\/wp-json\/wp\/v2\/tags?post=2211"}],"curies":[{"name":"wp","href":"https:\/\/api.w.org\/{rel}","templated":true}]}}