{"id":2032,"date":"2021-01-20T16:26:52","date_gmt":"2021-01-20T14:26:52","guid":{"rendered":"https:\/\/www.jaermuseet.no\/flyhistorisk\/?p=2032"},"modified":"2021-01-20T16:29:40","modified_gmt":"2021-01-20T14:29:40","slug":"frode-lenning","status":"publish","type":"post","link":"https:\/\/www.jaermuseet.no\/flyhistorisk\/frode-lenning\/","title":{"rendered":"Frode Lenning"},"content":{"rendered":"\n<h2 class=\"wp-block-heading\" id=\"block-187d81fd-e488-4911-ab8e-280b383352d3\">Milit\u00e6rflyger p\u00e5 1970- og 1980-tallet<\/h2>\n\n\n\n<p>Frode Lenning ble f\u00f8dt i 1954 og hadde en oppvekst preget av mange flyttinger. Barndommen hans bar ogs\u00e5 preg av en stadig voksende flyinteresse. Dette f\u00f8rte til at han som 15-\u00e5ring begynte \u00e5 fly seilfly i NTH-flyklubb i Trondheim og han fikk etter hvert seilflysertifikat.&nbsp; Etter at han var ferdig p\u00e5 gymnaset hadde han egentlig tenkt \u00e5 begynne \u00e5 studere p\u00e5 NTH i Trondheim. Han skulle bare f\u00e5 unnagjort f\u00f8rstegangstjenesten f\u00f8rst. Frode gjennomf\u00f8rte rekruttskolen p\u00e5 V\u00e6rnes og fikk deretter tre m\u00e5neder teknisk kurs p\u00e5 Kjevik f\u00f8r han tjenestegjorde som vernepliktig tekniker p\u00e5 Flyskolen p\u00e5 V\u00e6rnes. I l\u00f8pet av denne perioden s\u00f8kte han p\u00e5 Flyskolen og kom inn i juni 1974. P\u00e5f\u00f8lgende \u00e5r reiste han til USA for \u00e5 bli utdannet til jagerflyger. Her fl\u00f8y han T-37 og T-38 fra Reese Air Force Base i Texas hvor han fikk vingen 1. april 1976. &nbsp;&nbsp;<\/p>\n\n\n\n<p>Sommeren 1976 ble tilbragt med teknisk F-5-kurs p\u00e5 Kjevik etterfulgt av det obligatoriske utsjekksprogrammet p\u00e5 718 skvadron p\u00e5 Sola. Etter dette ble Frode sendt til \u00c5lborg for teknisk kurs p\u00e5 F-104G f\u00f8r han startet konverterings og utsjekksprogrammet p\u00e5 Starfighteren i Bod\u00f8 senere den samme h\u00f8sten. Han hadde sin f\u00f8rste tur i Starfighteren 14. oktober 1976 og fikk operativ status p\u00e5f\u00f8lgende v\u00e5r. Frode ble v\u00e6rende p\u00e5 331 skvadron i fire \u00e5r, kun avbrutt av et opphold p\u00e5 Flyskolen p\u00e5 V\u00e6rnes som instrukt\u00f8r sommeren og h\u00f8sten 1979. Han minnes tilbake til oppholdet p\u00e5 Flyskolen som et artig avbrekk.<\/p>\n\n\n\n<p>I forbindelse med den planlagte innfasingen av F-16 p\u00e5 331 skvadron, ble Frode forflyttet til 335 skvadron B-ving, hvor han fl\u00f8y Jet Falcon. \u00c5rsaken til forflytningen var at Luftforsvaret krevde at de \u00abeldre\u00bb flygerne som fikk konvertering til F-16 m\u00e5tte forlenge plikttiden sin med tre \u00e5r. Ettersom Frode \u00f8nsket \u00e5 g\u00e5 over til sivil luftfart f\u00f8r han ble for gammel for opptak i SAS eller Braathens, var han ikke interessert i forlenget plikttjeneste. Med dette forlot han 331 skvadron sensommeren 1980 og begynte konverteringsprogrammet til Jet Falcon p\u00e5 Gardermoen. Frode ble v\u00e6rende p\u00e5 335 skvadron et par \u00e5r f\u00f8r han fikk seg jobb i Braathens i september 1982. Tre \u00e5r senere begynte han i SAS hvor han fl\u00f8y DC-9, MD-80, Boeing 767 og Boeing 737. I 2009 tok han f\u00f8rtidspensjon fra SAS, men la ikke flygeryrket p\u00e5 hylla riktig enda av den grunn. Frem til sin siste kommersielle flytur 11. desember 2019, fl\u00f8y han Boeing 737 for Oman Air og Boeing 747-400 for Air Atlanta Icelandic. Han var ogs\u00e5 b\u00e5de operativ inspekt\u00f8r og seksjonssjef p\u00e5 operativ seksjon fixed-wing i Luftfartstilsynet.<\/p>\n\n\n\n<p>Frode Lenning ble intervjuet av Sondre B. Hvam (konservator nmf og ph.d-student ansatt i J\u00e6rmuseet) 31. august 2020.<\/p>\n\n\n\n<figure class=\"wp-block-gallery columns-3 is-cropped wp-block-gallery-1 is-layout-flex wp-block-gallery-is-layout-flex\"><ul class=\"blocks-gallery-grid\"><li class=\"blocks-gallery-item\"><figure><img loading=\"lazy\" decoding=\"async\" width=\"693\" height=\"1024\" src=\"https:\/\/www.jaermuseet.no\/flyhistorisk\/wp-content\/uploads\/sites\/4\/2021\/01\/JAEF274.003-693x1024.jpg\" alt=\"\" data-id=\"2033\" data-full-url=\"https:\/\/www.jaermuseet.no\/flyhistorisk\/wp-content\/uploads\/sites\/4\/2021\/01\/JAEF274.003.jpg\" data-link=\"https:\/\/www.jaermuseet.no\/flyhistorisk\/?attachment_id=2033\" class=\"wp-image-2033\" srcset=\"https:\/\/www.jaermuseet.no\/flyhistorisk\/wp-content\/uploads\/sites\/4\/2021\/01\/JAEF274.003-693x1024.jpg 693w, https:\/\/www.jaermuseet.no\/flyhistorisk\/wp-content\/uploads\/sites\/4\/2021\/01\/JAEF274.003-203x300.jpg 203w, https:\/\/www.jaermuseet.no\/flyhistorisk\/wp-content\/uploads\/sites\/4\/2021\/01\/JAEF274.003-135x200.jpg 135w, https:\/\/www.jaermuseet.no\/flyhistorisk\/wp-content\/uploads\/sites\/4\/2021\/01\/JAEF274.003-1039x1536.jpg 1039w, https:\/\/www.jaermuseet.no\/flyhistorisk\/wp-content\/uploads\/sites\/4\/2021\/01\/JAEF274.003-250x370.jpg 250w, https:\/\/www.jaermuseet.no\/flyhistorisk\/wp-content\/uploads\/sites\/4\/2021\/01\/JAEF274.003.jpg 1254w\" sizes=\"auto, (max-width: 693px) 100vw, 693px\" \/><\/figure><\/li><li class=\"blocks-gallery-item\"><figure><img loading=\"lazy\" decoding=\"async\" width=\"1024\" height=\"577\" src=\"https:\/\/www.jaermuseet.no\/flyhistorisk\/wp-content\/uploads\/sites\/4\/2021\/01\/JAEF274.014-1024x577.jpg\" alt=\"\" data-id=\"2034\" data-full-url=\"https:\/\/www.jaermuseet.no\/flyhistorisk\/wp-content\/uploads\/sites\/4\/2021\/01\/JAEF274.014-scaled.jpg\" data-link=\"https:\/\/www.jaermuseet.no\/flyhistorisk\/?attachment_id=2034\" class=\"wp-image-2034\" srcset=\"https:\/\/www.jaermuseet.no\/flyhistorisk\/wp-content\/uploads\/sites\/4\/2021\/01\/JAEF274.014-1024x577.jpg 1024w, https:\/\/www.jaermuseet.no\/flyhistorisk\/wp-content\/uploads\/sites\/4\/2021\/01\/JAEF274.014-300x169.jpg 300w, https:\/\/www.jaermuseet.no\/flyhistorisk\/wp-content\/uploads\/sites\/4\/2021\/01\/JAEF274.014-200x113.jpg 200w, https:\/\/www.jaermuseet.no\/flyhistorisk\/wp-content\/uploads\/sites\/4\/2021\/01\/JAEF274.014-1536x865.jpg 1536w, https:\/\/www.jaermuseet.no\/flyhistorisk\/wp-content\/uploads\/sites\/4\/2021\/01\/JAEF274.014-2048x1154.jpg 2048w, https:\/\/www.jaermuseet.no\/flyhistorisk\/wp-content\/uploads\/sites\/4\/2021\/01\/JAEF274.014-250x141.jpg 250w\" sizes=\"auto, (max-width: 1024px) 100vw, 1024px\" \/><\/figure><\/li><li class=\"blocks-gallery-item\"><figure><img loading=\"lazy\" decoding=\"async\" width=\"796\" height=\"1024\" src=\"https:\/\/www.jaermuseet.no\/flyhistorisk\/wp-content\/uploads\/sites\/4\/2021\/01\/JAEF274.021-796x1024.jpg\" alt=\"\" data-id=\"2035\" data-full-url=\"https:\/\/www.jaermuseet.no\/flyhistorisk\/wp-content\/uploads\/sites\/4\/2021\/01\/JAEF274.021-scaled.jpg\" data-link=\"https:\/\/www.jaermuseet.no\/flyhistorisk\/?attachment_id=2035\" class=\"wp-image-2035\" srcset=\"https:\/\/www.jaermuseet.no\/flyhistorisk\/wp-content\/uploads\/sites\/4\/2021\/01\/JAEF274.021-796x1024.jpg 796w, https:\/\/www.jaermuseet.no\/flyhistorisk\/wp-content\/uploads\/sites\/4\/2021\/01\/JAEF274.021-233x300.jpg 233w, https:\/\/www.jaermuseet.no\/flyhistorisk\/wp-content\/uploads\/sites\/4\/2021\/01\/JAEF274.021-155x200.jpg 155w, https:\/\/www.jaermuseet.no\/flyhistorisk\/wp-content\/uploads\/sites\/4\/2021\/01\/JAEF274.021-1194x1536.jpg 1194w, https:\/\/www.jaermuseet.no\/flyhistorisk\/wp-content\/uploads\/sites\/4\/2021\/01\/JAEF274.021-1592x2048.jpg 1592w, https:\/\/www.jaermuseet.no\/flyhistorisk\/wp-content\/uploads\/sites\/4\/2021\/01\/JAEF274.021-250x322.jpg 250w, https:\/\/www.jaermuseet.no\/flyhistorisk\/wp-content\/uploads\/sites\/4\/2021\/01\/JAEF274.021-scaled.jpg 1990w\" sizes=\"auto, (max-width: 796px) 100vw, 796px\" \/><\/figure><\/li><\/ul><\/figure>\n\n\n\n<p><\/p>\n","protected":false},"excerpt":{"rendered":"<p>Milit\u00e6rflyger p\u00e5 1970- og 1980-tallet Frode Lenning ble f\u00f8dt i&#8230;<\/p>\n","protected":false},"author":3,"featured_media":2036,"comment_status":"closed","ping_status":"closed","sticky":false,"template":"","format":"standard","meta":{"_acf_changed":false,"_jetpack_memberships_contains_paid_content":false,"footnotes":""},"categories":[27],"tags":[],"class_list":["post-2032","post","type-post","status-publish","format-standard","has-post-thumbnail","hentry","category-minnebanken","featured-image-size-large"],"acf":[],"yoast_head":"<!-- This site is optimized with the Yoast SEO plugin v27.4 - https:\/\/yoast.com\/product\/yoast-seo-wordpress\/ -->\n<title>Frode Lenning - Flyhistorisk Museum Sola<\/title>\n<meta name=\"robots\" content=\"index, follow, max-snippet:-1, max-image-preview:large, max-video-preview:-1\" \/>\n<link rel=\"canonical\" href=\"https:\/\/www.jaermuseet.no\/flyhistorisk\/frode-lenning\/\" \/>\n<meta property=\"og:locale\" content=\"nn_NO\" \/>\n<meta property=\"og:type\" content=\"article\" \/>\n<meta property=\"og:title\" content=\"Frode Lenning - Flyhistorisk Museum Sola\" \/>\n<meta property=\"og:description\" content=\"Milit\u00e6rflyger p\u00e5 1970- og 1980-tallet Frode Lenning ble f\u00f8dt i...\" \/>\n<meta property=\"og:url\" content=\"https:\/\/www.jaermuseet.no\/flyhistorisk\/frode-lenning\/\" \/>\n<meta property=\"og:site_name\" content=\"Flyhistorisk Museum Sola\" \/>\n<meta property=\"article:published_time\" content=\"2021-01-20T14:26:52+00:00\" \/>\n<meta property=\"article:modified_time\" content=\"2021-01-20T14:29:40+00:00\" \/>\n<meta property=\"og:image\" content=\"https:\/\/www.jaermuseet.no\/flyhistorisk\/wp-content\/uploads\/sites\/4\/2021\/01\/JAEF274.003-Copy-1024x725.jpg\" \/>\n\t<meta property=\"og:image:width\" content=\"1024\" \/>\n\t<meta property=\"og:image:height\" content=\"725\" \/>\n\t<meta property=\"og:image:type\" content=\"image\/jpeg\" \/>\n<meta name=\"author\" content=\"Flyhistorisk\" \/>\n<meta name=\"twitter:card\" content=\"summary_large_image\" \/>\n<meta name=\"twitter:label1\" content=\"Written by\" \/>\n\t<meta name=\"twitter:data1\" content=\"Flyhistorisk\" \/>\n\t<meta name=\"twitter:label2\" content=\"Est. reading time\" \/>\n\t<meta name=\"twitter:data2\" content=\"3 minutt\" \/>\n<script type=\"application\/ld+json\" class=\"yoast-schema-graph\">{\"@context\":\"https:\\\/\\\/schema.org\",\"@graph\":[{\"@type\":\"Article\",\"@id\":\"https:\\\/\\\/www.jaermuseet.no\\\/flyhistorisk\\\/frode-lenning\\\/#article\",\"isPartOf\":{\"@id\":\"https:\\\/\\\/www.jaermuseet.no\\\/flyhistorisk\\\/frode-lenning\\\/\"},\"author\":{\"name\":\"Flyhistorisk\",\"@id\":\"https:\\\/\\\/www.jaermuseet.no\\\/flyhistorisk\\\/#\\\/schema\\\/person\\\/fb7c64a141b10ccbf139c101c1c39297\"},\"headline\":\"Frode Lenning\",\"datePublished\":\"2021-01-20T14:26:52+00:00\",\"dateModified\":\"2021-01-20T14:29:40+00:00\",\"mainEntityOfPage\":{\"@id\":\"https:\\\/\\\/www.jaermuseet.no\\\/flyhistorisk\\\/frode-lenning\\\/\"},\"wordCount\":457,\"image\":{\"@id\":\"https:\\\/\\\/www.jaermuseet.no\\\/flyhistorisk\\\/frode-lenning\\\/#primaryimage\"},\"thumbnailUrl\":\"https:\\\/\\\/www.jaermuseet.no\\\/flyhistorisk\\\/wp-content\\\/uploads\\\/sites\\\/4\\\/2021\\\/01\\\/JAEF274.003-Copy.jpg\",\"articleSection\":[\"Minnebanken\"],\"inLanguage\":\"nn-NO\"},{\"@type\":\"WebPage\",\"@id\":\"https:\\\/\\\/www.jaermuseet.no\\\/flyhistorisk\\\/frode-lenning\\\/\",\"url\":\"https:\\\/\\\/www.jaermuseet.no\\\/flyhistorisk\\\/frode-lenning\\\/\",\"name\":\"Frode Lenning - Flyhistorisk Museum Sola\",\"isPartOf\":{\"@id\":\"https:\\\/\\\/www.jaermuseet.no\\\/flyhistorisk\\\/#website\"},\"primaryImageOfPage\":{\"@id\":\"https:\\\/\\\/www.jaermuseet.no\\\/flyhistorisk\\\/frode-lenning\\\/#primaryimage\"},\"image\":{\"@id\":\"https:\\\/\\\/www.jaermuseet.no\\\/flyhistorisk\\\/frode-lenning\\\/#primaryimage\"},\"thumbnailUrl\":\"https:\\\/\\\/www.jaermuseet.no\\\/flyhistorisk\\\/wp-content\\\/uploads\\\/sites\\\/4\\\/2021\\\/01\\\/JAEF274.003-Copy.jpg\",\"datePublished\":\"2021-01-20T14:26:52+00:00\",\"dateModified\":\"2021-01-20T14:29:40+00:00\",\"author\":{\"@id\":\"https:\\\/\\\/www.jaermuseet.no\\\/flyhistorisk\\\/#\\\/schema\\\/person\\\/fb7c64a141b10ccbf139c101c1c39297\"},\"breadcrumb\":{\"@id\":\"https:\\\/\\\/www.jaermuseet.no\\\/flyhistorisk\\\/frode-lenning\\\/#breadcrumb\"},\"inLanguage\":\"nn-NO\",\"potentialAction\":[{\"@type\":\"ReadAction\",\"target\":[\"https:\\\/\\\/www.jaermuseet.no\\\/flyhistorisk\\\/frode-lenning\\\/\"]}]},{\"@type\":\"ImageObject\",\"inLanguage\":\"nn-NO\",\"@id\":\"https:\\\/\\\/www.jaermuseet.no\\\/flyhistorisk\\\/frode-lenning\\\/#primaryimage\",\"url\":\"https:\\\/\\\/www.jaermuseet.no\\\/flyhistorisk\\\/wp-content\\\/uploads\\\/sites\\\/4\\\/2021\\\/01\\\/JAEF274.003-Copy.jpg\",\"contentUrl\":\"https:\\\/\\\/www.jaermuseet.no\\\/flyhistorisk\\\/wp-content\\\/uploads\\\/sites\\\/4\\\/2021\\\/01\\\/JAEF274.003-Copy.jpg\",\"width\":2089,\"height\":1479},{\"@type\":\"BreadcrumbList\",\"@id\":\"https:\\\/\\\/www.jaermuseet.no\\\/flyhistorisk\\\/frode-lenning\\\/#breadcrumb\",\"itemListElement\":[{\"@type\":\"ListItem\",\"position\":1,\"name\":\"Hjem\",\"item\":\"https:\\\/\\\/www.jaermuseet.no\\\/flyhistorisk\\\/\"},{\"@type\":\"ListItem\",\"position\":2,\"name\":\"Frode Lenning\"}]},{\"@type\":\"WebSite\",\"@id\":\"https:\\\/\\\/www.jaermuseet.no\\\/flyhistorisk\\\/#website\",\"url\":\"https:\\\/\\\/www.jaermuseet.no\\\/flyhistorisk\\\/\",\"name\":\"Flyhistorisk Museum Sola\",\"description\":\"One of Norway\u2019s largest civil collections of airplanes\",\"potentialAction\":[{\"@type\":\"SearchAction\",\"target\":{\"@type\":\"EntryPoint\",\"urlTemplate\":\"https:\\\/\\\/www.jaermuseet.no\\\/flyhistorisk\\\/?s={search_term_string}\"},\"query-input\":{\"@type\":\"PropertyValueSpecification\",\"valueRequired\":true,\"valueName\":\"search_term_string\"}}],\"inLanguage\":\"nn-NO\"},{\"@type\":\"Person\",\"@id\":\"https:\\\/\\\/www.jaermuseet.no\\\/flyhistorisk\\\/#\\\/schema\\\/person\\\/fb7c64a141b10ccbf139c101c1c39297\",\"name\":\"Flyhistorisk\",\"image\":{\"@type\":\"ImageObject\",\"inLanguage\":\"nn-NO\",\"@id\":\"https:\\\/\\\/secure.gravatar.com\\\/avatar\\\/6a67dd7f87836b69b29b49028b01bea26bbf872caff3451d17e160f5c4c6e156?s=96&d=mm&r=g\",\"url\":\"https:\\\/\\\/secure.gravatar.com\\\/avatar\\\/6a67dd7f87836b69b29b49028b01bea26bbf872caff3451d17e160f5c4c6e156?s=96&d=mm&r=g\",\"contentUrl\":\"https:\\\/\\\/secure.gravatar.com\\\/avatar\\\/6a67dd7f87836b69b29b49028b01bea26bbf872caff3451d17e160f5c4c6e156?s=96&d=mm&r=g\",\"caption\":\"Flyhistorisk\"},\"url\":\"https:\\\/\\\/www.jaermuseet.no\\\/flyhistorisk\\\/author\\\/flyhistorisk\\\/\"}]}<\/script>\n<!-- \/ Yoast SEO plugin. -->","yoast_head_json":{"title":"Frode Lenning - Flyhistorisk Museum Sola","robots":{"index":"index","follow":"follow","max-snippet":"max-snippet:-1","max-image-preview":"max-image-preview:large","max-video-preview":"max-video-preview:-1"},"canonical":"https:\/\/www.jaermuseet.no\/flyhistorisk\/frode-lenning\/","og_locale":"nn_NO","og_type":"article","og_title":"Frode Lenning - Flyhistorisk Museum Sola","og_description":"Milit\u00e6rflyger p\u00e5 1970- og 1980-tallet Frode Lenning ble f\u00f8dt i...","og_url":"https:\/\/www.jaermuseet.no\/flyhistorisk\/frode-lenning\/","og_site_name":"Flyhistorisk Museum Sola","article_published_time":"2021-01-20T14:26:52+00:00","article_modified_time":"2021-01-20T14:29:40+00:00","og_image":[{"width":1024,"height":725,"url":"https:\/\/www.jaermuseet.no\/flyhistorisk\/wp-content\/uploads\/sites\/4\/2021\/01\/JAEF274.003-Copy-1024x725.jpg","type":"image\/jpeg"}],"author":"Flyhistorisk","twitter_card":"summary_large_image","twitter_misc":{"Written by":"Flyhistorisk","Est. reading time":"3 minutt"},"schema":{"@context":"https:\/\/schema.org","@graph":[{"@type":"Article","@id":"https:\/\/www.jaermuseet.no\/flyhistorisk\/frode-lenning\/#article","isPartOf":{"@id":"https:\/\/www.jaermuseet.no\/flyhistorisk\/frode-lenning\/"},"author":{"name":"Flyhistorisk","@id":"https:\/\/www.jaermuseet.no\/flyhistorisk\/#\/schema\/person\/fb7c64a141b10ccbf139c101c1c39297"},"headline":"Frode Lenning","datePublished":"2021-01-20T14:26:52+00:00","dateModified":"2021-01-20T14:29:40+00:00","mainEntityOfPage":{"@id":"https:\/\/www.jaermuseet.no\/flyhistorisk\/frode-lenning\/"},"wordCount":457,"image":{"@id":"https:\/\/www.jaermuseet.no\/flyhistorisk\/frode-lenning\/#primaryimage"},"thumbnailUrl":"https:\/\/www.jaermuseet.no\/flyhistorisk\/wp-content\/uploads\/sites\/4\/2021\/01\/JAEF274.003-Copy.jpg","articleSection":["Minnebanken"],"inLanguage":"nn-NO"},{"@type":"WebPage","@id":"https:\/\/www.jaermuseet.no\/flyhistorisk\/frode-lenning\/","url":"https:\/\/www.jaermuseet.no\/flyhistorisk\/frode-lenning\/","name":"Frode Lenning - Flyhistorisk Museum Sola","isPartOf":{"@id":"https:\/\/www.jaermuseet.no\/flyhistorisk\/#website"},"primaryImageOfPage":{"@id":"https:\/\/www.jaermuseet.no\/flyhistorisk\/frode-lenning\/#primaryimage"},"image":{"@id":"https:\/\/www.jaermuseet.no\/flyhistorisk\/frode-lenning\/#primaryimage"},"thumbnailUrl":"https:\/\/www.jaermuseet.no\/flyhistorisk\/wp-content\/uploads\/sites\/4\/2021\/01\/JAEF274.003-Copy.jpg","datePublished":"2021-01-20T14:26:52+00:00","dateModified":"2021-01-20T14:29:40+00:00","author":{"@id":"https:\/\/www.jaermuseet.no\/flyhistorisk\/#\/schema\/person\/fb7c64a141b10ccbf139c101c1c39297"},"breadcrumb":{"@id":"https:\/\/www.jaermuseet.no\/flyhistorisk\/frode-lenning\/#breadcrumb"},"inLanguage":"nn-NO","potentialAction":[{"@type":"ReadAction","target":["https:\/\/www.jaermuseet.no\/flyhistorisk\/frode-lenning\/"]}]},{"@type":"ImageObject","inLanguage":"nn-NO","@id":"https:\/\/www.jaermuseet.no\/flyhistorisk\/frode-lenning\/#primaryimage","url":"https:\/\/www.jaermuseet.no\/flyhistorisk\/wp-content\/uploads\/sites\/4\/2021\/01\/JAEF274.003-Copy.jpg","contentUrl":"https:\/\/www.jaermuseet.no\/flyhistorisk\/wp-content\/uploads\/sites\/4\/2021\/01\/JAEF274.003-Copy.jpg","width":2089,"height":1479},{"@type":"BreadcrumbList","@id":"https:\/\/www.jaermuseet.no\/flyhistorisk\/frode-lenning\/#breadcrumb","itemListElement":[{"@type":"ListItem","position":1,"name":"Hjem","item":"https:\/\/www.jaermuseet.no\/flyhistorisk\/"},{"@type":"ListItem","position":2,"name":"Frode Lenning"}]},{"@type":"WebSite","@id":"https:\/\/www.jaermuseet.no\/flyhistorisk\/#website","url":"https:\/\/www.jaermuseet.no\/flyhistorisk\/","name":"Flyhistorisk Museum Sola","description":"One of Norway\u2019s largest civil collections of airplanes","potentialAction":[{"@type":"SearchAction","target":{"@type":"EntryPoint","urlTemplate":"https:\/\/www.jaermuseet.no\/flyhistorisk\/?s={search_term_string}"},"query-input":{"@type":"PropertyValueSpecification","valueRequired":true,"valueName":"search_term_string"}}],"inLanguage":"nn-NO"},{"@type":"Person","@id":"https:\/\/www.jaermuseet.no\/flyhistorisk\/#\/schema\/person\/fb7c64a141b10ccbf139c101c1c39297","name":"Flyhistorisk","image":{"@type":"ImageObject","inLanguage":"nn-NO","@id":"https:\/\/secure.gravatar.com\/avatar\/6a67dd7f87836b69b29b49028b01bea26bbf872caff3451d17e160f5c4c6e156?s=96&d=mm&r=g","url":"https:\/\/secure.gravatar.com\/avatar\/6a67dd7f87836b69b29b49028b01bea26bbf872caff3451d17e160f5c4c6e156?s=96&d=mm&r=g","contentUrl":"https:\/\/secure.gravatar.com\/avatar\/6a67dd7f87836b69b29b49028b01bea26bbf872caff3451d17e160f5c4c6e156?s=96&d=mm&r=g","caption":"Flyhistorisk"},"url":"https:\/\/www.jaermuseet.no\/flyhistorisk\/author\/flyhistorisk\/"}]}},"cc_featured_image_caption":{"caption_text":"","source_text":"","source_url":""},"jetpack_featured_media_url":"https:\/\/www.jaermuseet.no\/flyhistorisk\/wp-content\/uploads\/sites\/4\/2021\/01\/JAEF274.003-Copy.jpg","jetpack_sharing_enabled":true,"_links":{"self":[{"href":"https:\/\/www.jaermuseet.no\/flyhistorisk\/wp-json\/wp\/v2\/posts\/2032","targetHints":{"allow":["GET"]}}],"collection":[{"href":"https:\/\/www.jaermuseet.no\/flyhistorisk\/wp-json\/wp\/v2\/posts"}],"about":[{"href":"https:\/\/www.jaermuseet.no\/flyhistorisk\/wp-json\/wp\/v2\/types\/post"}],"author":[{"embeddable":true,"href":"https:\/\/www.jaermuseet.no\/flyhistorisk\/wp-json\/wp\/v2\/users\/3"}],"replies":[{"embeddable":true,"href":"https:\/\/www.jaermuseet.no\/flyhistorisk\/wp-json\/wp\/v2\/comments?post=2032"}],"version-history":[{"count":2,"href":"https:\/\/www.jaermuseet.no\/flyhistorisk\/wp-json\/wp\/v2\/posts\/2032\/revisions"}],"predecessor-version":[{"id":2038,"href":"https:\/\/www.jaermuseet.no\/flyhistorisk\/wp-json\/wp\/v2\/posts\/2032\/revisions\/2038"}],"wp:featuredmedia":[{"embeddable":true,"href":"https:\/\/www.jaermuseet.no\/flyhistorisk\/wp-json\/wp\/v2\/media\/2036"}],"wp:attachment":[{"href":"https:\/\/www.jaermuseet.no\/flyhistorisk\/wp-json\/wp\/v2\/media?parent=2032"}],"wp:term":[{"taxonomy":"category","embeddable":true,"href":"https:\/\/www.jaermuseet.no\/flyhistorisk\/wp-json\/wp\/v2\/categories?post=2032"},{"taxonomy":"post_tag","embeddable":true,"href":"https:\/\/www.jaermuseet.no\/flyhistorisk\/wp-json\/wp\/v2\/tags?post=2032"}],"curies":[{"name":"wp","href":"https:\/\/api.w.org\/{rel}","templated":true}]}}