{"id":2016,"date":"2020-12-14T21:09:54","date_gmt":"2020-12-14T19:09:54","guid":{"rendered":"https:\/\/www.jaermuseet.no\/flyhistorisk\/?p=2016"},"modified":"2020-12-14T21:16:18","modified_gmt":"2020-12-14T19:16:18","slug":"kjell-nordby","status":"publish","type":"post","link":"https:\/\/www.jaermuseet.no\/flyhistorisk\/kjell-nordby\/","title":{"rendered":"Kjell Nordby"},"content":{"rendered":"\n<h2 class=\"wp-block-heading\" id=\"block-187d81fd-e488-4911-ab8e-280b383352d3\">Jagerflyger og general fra 1960- til 2000-tallet<\/h2>\n\n\n\n<p>Generalmajor (p) Kjell Nordby ble f\u00f8dt i Fredrikstad 1. februar 1946. Etter \u00e5 ha fullf\u00f8rt realskolen i Fredrikstad begynte Kjell p\u00e5 Gymnaset. Da det gikk opp for han at dette ville f\u00f8re til to eller tre nye \u00e5r p\u00e5 skolebenken, hoppet han av Gymnaset til fordel for Flyskolen hvor han begynte uken han fylte 18 \u00e5r.\u00a0 Kjell minnes tilbake til at han ikke hadde noen andre tanker i hodet enn \u00e5 bli flyger. Etter \u00e5 ha startet p\u00e5 Flyskolen i 1964 og befalsutdanning p\u00e5 V\u00e6rens, gikk veien videre til Canada og spr\u00e5kskole ved Centralia i Ontario. Deretter stod reiste han til Moose Jaw  hvor flygingen startet. Her var Kjell blant de f\u00f8rste flyskoleelevene som fikk utdanning p\u00e5 den helt nye treningsjeten Canadair CT-114 Tutor, som akkurat hadde erstattet de propelldrevne Harvardene fra krigens dager. 18. februar 1965 ble Kjell den f\u00f8rste eleven \u00abi verden\u00bb til \u00e5 fly solo. Dette syns han var artig ettersom han var den yngste eleven i klassen.Etter \u00e5 ha fullf\u00f8rt den element\u00e6re delen av flygerutdannelsen p\u00e5 Tutor, tok han \u00a0til p\u00e5 den \u00a0avanserte delen av flygerutdanningen som ble gjennomf\u00f8rt p\u00e5 canadiskproduserte T-33. <br><br>Etter \u00e5 ha kommet seg velberget gjennom flyskolen i Canada, vendte Kjell hjem til Norge hvor han gjennomf\u00f8rte overf\u00f8ringskurset p\u00e5 T-33 p\u00e5 718 skvadron p\u00e5 Sola f\u00f8r han ble beordret til 338 skvadron p\u00e5 \u00d8rland. Her rakk han \u00e5 fly omkring 60 flytimer p\u00e5 de utrangerte F-86F Sabre-jagerne f\u00f8r han begynte \u00e5 fly F-5. Kjell ble v\u00e6rende p\u00e5 \u00d8rland i syv \u00e5r frem til han i 1974 ble\u00a0 overf\u00f8rt til 336 skvadron p\u00e5 Rygge som vingsjef. P\u00e5 Rygge var han ogs\u00e5 innom oppvisningsteamet Flying Jokers for en periode.<\/p>\n\n\n\n<p>I 1979 ble han nestkommanderende i 336 skvadron. P\u00e5f\u00f8lgende \u00e5r ble han overf\u00f8rt til 332 skvadron hvor han deltok p\u00e5 det f\u00f8rste kullet som ble sjekket ut p\u00e5 F-16 i Norge. I 1981 ble Kjell \u00a0nestkommanderende p\u00e5 332 skvadron. Kjell ble v\u00e6rende p\u00e5 332 skvadron frem til utgangen av 1982. Han ble da overf\u00f8rt til Pengiun-prosjektet hvor han var Luftforsvarets operative prosjektoffiser frem til 1989. \u00a0I 1986 gjennomf\u00f8rte han Luftforsvarets stabskole I i Oslo. Da han kom tilbake til Rygge etter fullf\u00f8rt skolegang fikk han ogs\u00e5 rollen som operasjonsoffiser. Kjell var operasjonsoffiser p\u00e5 Rygge\u00a0 frem til han i 1989 tok over skvadronssjefjobben p\u00e5 336 skvadron som fremdeles fl\u00f8y F-5. Et h\u00f8ydepunkt fra den tiden var at han fikk \u00e6ren av \u00e5 fly Prinsesse M\u00e4rta Louise som hadde f\u00e5tt en flytur i gave fra Luftforsvaret i forbindelse sin 18-\u00e5rsdag.\u00a0 Fra 1990 til 1993 fungerte Kjell som nestkommanderende ved Luftforsvarets Flytaktiske skole. I l\u00f8pet av denne perioden gjennomf\u00f8rte han Luftforsvarets stabsskole II.<\/p>\n\n\n\n<p>I 1993 ble han assisterende Lufttjenesteinspekt\u00f8r. Denne jobben satte en sluttstrek for hans operative flygerkarriere. P\u00e5 dette tidspunktet hadde Kjell flydd operativt i nesten 30 \u00e5r og loggf\u00f8rt over 4700 flytimer, prim\u00e6rt p\u00e5 F-5 og F-16. Med slutten av den operative flygerkarrieren, begynte Kjell \u00e5 avansere relativt raskt oppover i gradssystemet. I l\u00f8pet av de ti \u00e5rene mellom 1993 og 2003 avanserte han fra major til generalmajor. I l\u00f8pet av sine tre \u00e5r som assisterende Lufttjenesteinspekt\u00f8r fullf\u00f8rte han Forsvarets H\u00f8yskoles hovedkurs. Han ble deretter sjef p\u00e5 And\u00f8ya flystasjon sommeren 1996. Etter to og et halvt \u00e5r p\u00e5 And\u00f8ya overtok han sjefsjobben ved Bod\u00f8 Hovedflystasjon 1. januar 1999. Denne jobben beholdt han&nbsp; frem til han ble utnevnt til Lufttjenesteinspekt\u00f8r og beordret til Rygge hovedflystasjon 2. januar 2002. Et halvt \u00e5r senere ble han utnevnt til den f\u00f8rste Luftoperative inspekt\u00f8ren med ansvar for b\u00e5de lufttjeneste og luftkontroll. Etter halvannet \u00e5r i denne jobben ble han beordret til tjeneste som Deputy Commander CAOC 9 High Wycombe i England. Denne stillingen hadde Kjell frem til han avsluttet sin milit\u00e6rkarriere etter 42 \u00e5r i Forsvaret da han ble 60 \u00e5r i 2006 som generalmajor. &nbsp;&nbsp;<\/p>\n\n\n\n<p>Kjell Nordby ble intervjuet av Sondre B. Hvam (konservator nmf og ph.d-stipendiat ansatt i J\u00e6rmuseet) 12. juni 2020.<\/p>\n\n\n\n<div class=\"wp-block-jetpack-tiled-gallery aligncenter is-style-rectangular\"><div class=\"tiled-gallery__gallery\"><div class=\"tiled-gallery__row\"><div class=\"tiled-gallery__col\" style=\"flex-basis:62.543113208277%\"><figure class=\"tiled-gallery__item\"><img decoding=\"async\" srcset=\"https:\/\/i2.wp.com\/www.jaermuseet.no\/flyhistorisk\/wp-content\/uploads\/sites\/4\/2020\/12\/JAEF267.001.jpg?strip=info&#038;w=600&#038;ssl=1 600w,https:\/\/i2.wp.com\/www.jaermuseet.no\/flyhistorisk\/wp-content\/uploads\/sites\/4\/2020\/12\/JAEF267.001.jpg?strip=info&#038;w=675&#038;ssl=1 675w\" alt=\"\" data-height=\"414\" data-id=\"2018\" data-link=\"https:\/\/www.jaermuseet.no\/flyhistorisk\/?attachment_id=2018\" data-url=\"https:\/\/www.jaermuseet.no\/flyhistorisk\/wp-content\/uploads\/sites\/4\/2020\/12\/JAEF267.001.jpg\" data-width=\"675\" src=\"https:\/\/i2.wp.com\/www.jaermuseet.no\/flyhistorisk\/wp-content\/uploads\/sites\/4\/2020\/12\/JAEF267.001.jpg?ssl=1\" \/><\/figure><\/div><div class=\"tiled-gallery__col\" style=\"flex-basis:37.456886791723%\"><figure class=\"tiled-gallery__item\"><img decoding=\"async\" srcset=\"https:\/\/i1.wp.com\/www.jaermuseet.no\/flyhistorisk\/wp-content\/uploads\/sites\/4\/2020\/12\/JAEF267.002.jpg?strip=info&#038;w=413&#038;ssl=1 413w\" alt=\"\" data-height=\"424\" data-id=\"2019\" data-link=\"https:\/\/www.jaermuseet.no\/flyhistorisk\/?attachment_id=2019\" data-url=\"https:\/\/www.jaermuseet.no\/flyhistorisk\/wp-content\/uploads\/sites\/4\/2020\/12\/JAEF267.002.jpg\" data-width=\"413\" src=\"https:\/\/i1.wp.com\/www.jaermuseet.no\/flyhistorisk\/wp-content\/uploads\/sites\/4\/2020\/12\/JAEF267.002.jpg?ssl=1\" \/><\/figure><\/div><\/div><\/div><\/div>\n\n\n\n<p><\/p>\n","protected":false},"excerpt":{"rendered":"<p>Jagerflyger og general fra 1960- til 2000-tallet Generalmajor (p) Kjell&#8230;<\/p>\n","protected":false},"author":3,"featured_media":2017,"comment_status":"closed","ping_status":"closed","sticky":false,"template":"","format":"standard","meta":{"_acf_changed":false,"_jetpack_memberships_contains_paid_content":false,"footnotes":""},"categories":[27],"tags":[],"class_list":["post-2016","post","type-post","status-publish","format-standard","has-post-thumbnail","hentry","category-minnebanken","featured-image-size-large"],"acf":[],"yoast_head":"<!-- This site is optimized with the Yoast SEO plugin v27.4 - https:\/\/yoast.com\/product\/yoast-seo-wordpress\/ -->\n<title>Kjell Nordby - Flyhistorisk Museum Sola<\/title>\n<meta name=\"robots\" content=\"index, follow, max-snippet:-1, max-image-preview:large, max-video-preview:-1\" \/>\n<link rel=\"canonical\" href=\"https:\/\/www.jaermuseet.no\/flyhistorisk\/kjell-nordby\/\" \/>\n<meta property=\"og:locale\" content=\"nn_NO\" \/>\n<meta property=\"og:type\" content=\"article\" \/>\n<meta property=\"og:title\" content=\"Kjell Nordby - Flyhistorisk Museum Sola\" \/>\n<meta property=\"og:description\" content=\"Jagerflyger og general fra 1960- til 2000-tallet Generalmajor (p) Kjell...\" \/>\n<meta property=\"og:url\" content=\"https:\/\/www.jaermuseet.no\/flyhistorisk\/kjell-nordby\/\" \/>\n<meta property=\"og:site_name\" content=\"Flyhistorisk Museum Sola\" \/>\n<meta property=\"article:published_time\" content=\"2020-12-14T19:09:54+00:00\" \/>\n<meta property=\"article:modified_time\" content=\"2020-12-14T19:16:18+00:00\" \/>\n<meta property=\"og:image\" content=\"https:\/\/www.jaermuseet.no\/flyhistorisk\/wp-content\/uploads\/sites\/4\/2020\/12\/JAEF267.001-Copy.jpg\" \/>\n\t<meta property=\"og:image:width\" content=\"415\" \/>\n\t<meta property=\"og:image:height\" content=\"264\" \/>\n\t<meta property=\"og:image:type\" content=\"image\/jpeg\" \/>\n<meta name=\"author\" content=\"Flyhistorisk\" \/>\n<meta name=\"twitter:card\" content=\"summary_large_image\" \/>\n<meta name=\"twitter:label1\" content=\"Written by\" \/>\n\t<meta name=\"twitter:data1\" content=\"Flyhistorisk\" \/>\n\t<meta name=\"twitter:label2\" content=\"Est. reading time\" \/>\n\t<meta name=\"twitter:data2\" content=\"3 minutt\" \/>\n<script type=\"application\/ld+json\" class=\"yoast-schema-graph\">{\"@context\":\"https:\\\/\\\/schema.org\",\"@graph\":[{\"@type\":\"Article\",\"@id\":\"https:\\\/\\\/www.jaermuseet.no\\\/flyhistorisk\\\/kjell-nordby\\\/#article\",\"isPartOf\":{\"@id\":\"https:\\\/\\\/www.jaermuseet.no\\\/flyhistorisk\\\/kjell-nordby\\\/\"},\"author\":{\"name\":\"Flyhistorisk\",\"@id\":\"https:\\\/\\\/www.jaermuseet.no\\\/flyhistorisk\\\/#\\\/schema\\\/person\\\/fb7c64a141b10ccbf139c101c1c39297\"},\"headline\":\"Kjell Nordby\",\"datePublished\":\"2020-12-14T19:09:54+00:00\",\"dateModified\":\"2020-12-14T19:16:18+00:00\",\"mainEntityOfPage\":{\"@id\":\"https:\\\/\\\/www.jaermuseet.no\\\/flyhistorisk\\\/kjell-nordby\\\/\"},\"wordCount\":653,\"image\":{\"@id\":\"https:\\\/\\\/www.jaermuseet.no\\\/flyhistorisk\\\/kjell-nordby\\\/#primaryimage\"},\"thumbnailUrl\":\"https:\\\/\\\/www.jaermuseet.no\\\/flyhistorisk\\\/wp-content\\\/uploads\\\/sites\\\/4\\\/2020\\\/12\\\/JAEF267.001-Copy.jpg\",\"articleSection\":[\"Minnebanken\"],\"inLanguage\":\"nn-NO\"},{\"@type\":\"WebPage\",\"@id\":\"https:\\\/\\\/www.jaermuseet.no\\\/flyhistorisk\\\/kjell-nordby\\\/\",\"url\":\"https:\\\/\\\/www.jaermuseet.no\\\/flyhistorisk\\\/kjell-nordby\\\/\",\"name\":\"Kjell Nordby - Flyhistorisk Museum Sola\",\"isPartOf\":{\"@id\":\"https:\\\/\\\/www.jaermuseet.no\\\/flyhistorisk\\\/#website\"},\"primaryImageOfPage\":{\"@id\":\"https:\\\/\\\/www.jaermuseet.no\\\/flyhistorisk\\\/kjell-nordby\\\/#primaryimage\"},\"image\":{\"@id\":\"https:\\\/\\\/www.jaermuseet.no\\\/flyhistorisk\\\/kjell-nordby\\\/#primaryimage\"},\"thumbnailUrl\":\"https:\\\/\\\/www.jaermuseet.no\\\/flyhistorisk\\\/wp-content\\\/uploads\\\/sites\\\/4\\\/2020\\\/12\\\/JAEF267.001-Copy.jpg\",\"datePublished\":\"2020-12-14T19:09:54+00:00\",\"dateModified\":\"2020-12-14T19:16:18+00:00\",\"author\":{\"@id\":\"https:\\\/\\\/www.jaermuseet.no\\\/flyhistorisk\\\/#\\\/schema\\\/person\\\/fb7c64a141b10ccbf139c101c1c39297\"},\"breadcrumb\":{\"@id\":\"https:\\\/\\\/www.jaermuseet.no\\\/flyhistorisk\\\/kjell-nordby\\\/#breadcrumb\"},\"inLanguage\":\"nn-NO\",\"potentialAction\":[{\"@type\":\"ReadAction\",\"target\":[\"https:\\\/\\\/www.jaermuseet.no\\\/flyhistorisk\\\/kjell-nordby\\\/\"]}]},{\"@type\":\"ImageObject\",\"inLanguage\":\"nn-NO\",\"@id\":\"https:\\\/\\\/www.jaermuseet.no\\\/flyhistorisk\\\/kjell-nordby\\\/#primaryimage\",\"url\":\"https:\\\/\\\/www.jaermuseet.no\\\/flyhistorisk\\\/wp-content\\\/uploads\\\/sites\\\/4\\\/2020\\\/12\\\/JAEF267.001-Copy.jpg\",\"contentUrl\":\"https:\\\/\\\/www.jaermuseet.no\\\/flyhistorisk\\\/wp-content\\\/uploads\\\/sites\\\/4\\\/2020\\\/12\\\/JAEF267.001-Copy.jpg\",\"width\":415,\"height\":264},{\"@type\":\"BreadcrumbList\",\"@id\":\"https:\\\/\\\/www.jaermuseet.no\\\/flyhistorisk\\\/kjell-nordby\\\/#breadcrumb\",\"itemListElement\":[{\"@type\":\"ListItem\",\"position\":1,\"name\":\"Hjem\",\"item\":\"https:\\\/\\\/www.jaermuseet.no\\\/flyhistorisk\\\/\"},{\"@type\":\"ListItem\",\"position\":2,\"name\":\"Kjell Nordby\"}]},{\"@type\":\"WebSite\",\"@id\":\"https:\\\/\\\/www.jaermuseet.no\\\/flyhistorisk\\\/#website\",\"url\":\"https:\\\/\\\/www.jaermuseet.no\\\/flyhistorisk\\\/\",\"name\":\"Flyhistorisk Museum Sola\",\"description\":\"One of Norway\u2019s largest civil collections of airplanes\",\"potentialAction\":[{\"@type\":\"SearchAction\",\"target\":{\"@type\":\"EntryPoint\",\"urlTemplate\":\"https:\\\/\\\/www.jaermuseet.no\\\/flyhistorisk\\\/?s={search_term_string}\"},\"query-input\":{\"@type\":\"PropertyValueSpecification\",\"valueRequired\":true,\"valueName\":\"search_term_string\"}}],\"inLanguage\":\"nn-NO\"},{\"@type\":\"Person\",\"@id\":\"https:\\\/\\\/www.jaermuseet.no\\\/flyhistorisk\\\/#\\\/schema\\\/person\\\/fb7c64a141b10ccbf139c101c1c39297\",\"name\":\"Flyhistorisk\",\"image\":{\"@type\":\"ImageObject\",\"inLanguage\":\"nn-NO\",\"@id\":\"https:\\\/\\\/secure.gravatar.com\\\/avatar\\\/6a67dd7f87836b69b29b49028b01bea26bbf872caff3451d17e160f5c4c6e156?s=96&d=mm&r=g\",\"url\":\"https:\\\/\\\/secure.gravatar.com\\\/avatar\\\/6a67dd7f87836b69b29b49028b01bea26bbf872caff3451d17e160f5c4c6e156?s=96&d=mm&r=g\",\"contentUrl\":\"https:\\\/\\\/secure.gravatar.com\\\/avatar\\\/6a67dd7f87836b69b29b49028b01bea26bbf872caff3451d17e160f5c4c6e156?s=96&d=mm&r=g\",\"caption\":\"Flyhistorisk\"},\"url\":\"https:\\\/\\\/www.jaermuseet.no\\\/flyhistorisk\\\/author\\\/flyhistorisk\\\/\"}]}<\/script>\n<!-- \/ Yoast SEO plugin. -->","yoast_head_json":{"title":"Kjell Nordby - Flyhistorisk Museum Sola","robots":{"index":"index","follow":"follow","max-snippet":"max-snippet:-1","max-image-preview":"max-image-preview:large","max-video-preview":"max-video-preview:-1"},"canonical":"https:\/\/www.jaermuseet.no\/flyhistorisk\/kjell-nordby\/","og_locale":"nn_NO","og_type":"article","og_title":"Kjell Nordby - Flyhistorisk Museum Sola","og_description":"Jagerflyger og general fra 1960- til 2000-tallet Generalmajor (p) Kjell...","og_url":"https:\/\/www.jaermuseet.no\/flyhistorisk\/kjell-nordby\/","og_site_name":"Flyhistorisk Museum Sola","article_published_time":"2020-12-14T19:09:54+00:00","article_modified_time":"2020-12-14T19:16:18+00:00","og_image":[{"width":415,"height":264,"url":"https:\/\/www.jaermuseet.no\/flyhistorisk\/wp-content\/uploads\/sites\/4\/2020\/12\/JAEF267.001-Copy.jpg","type":"image\/jpeg"}],"author":"Flyhistorisk","twitter_card":"summary_large_image","twitter_misc":{"Written by":"Flyhistorisk","Est. reading time":"3 minutt"},"schema":{"@context":"https:\/\/schema.org","@graph":[{"@type":"Article","@id":"https:\/\/www.jaermuseet.no\/flyhistorisk\/kjell-nordby\/#article","isPartOf":{"@id":"https:\/\/www.jaermuseet.no\/flyhistorisk\/kjell-nordby\/"},"author":{"name":"Flyhistorisk","@id":"https:\/\/www.jaermuseet.no\/flyhistorisk\/#\/schema\/person\/fb7c64a141b10ccbf139c101c1c39297"},"headline":"Kjell Nordby","datePublished":"2020-12-14T19:09:54+00:00","dateModified":"2020-12-14T19:16:18+00:00","mainEntityOfPage":{"@id":"https:\/\/www.jaermuseet.no\/flyhistorisk\/kjell-nordby\/"},"wordCount":653,"image":{"@id":"https:\/\/www.jaermuseet.no\/flyhistorisk\/kjell-nordby\/#primaryimage"},"thumbnailUrl":"https:\/\/www.jaermuseet.no\/flyhistorisk\/wp-content\/uploads\/sites\/4\/2020\/12\/JAEF267.001-Copy.jpg","articleSection":["Minnebanken"],"inLanguage":"nn-NO"},{"@type":"WebPage","@id":"https:\/\/www.jaermuseet.no\/flyhistorisk\/kjell-nordby\/","url":"https:\/\/www.jaermuseet.no\/flyhistorisk\/kjell-nordby\/","name":"Kjell Nordby - Flyhistorisk Museum Sola","isPartOf":{"@id":"https:\/\/www.jaermuseet.no\/flyhistorisk\/#website"},"primaryImageOfPage":{"@id":"https:\/\/www.jaermuseet.no\/flyhistorisk\/kjell-nordby\/#primaryimage"},"image":{"@id":"https:\/\/www.jaermuseet.no\/flyhistorisk\/kjell-nordby\/#primaryimage"},"thumbnailUrl":"https:\/\/www.jaermuseet.no\/flyhistorisk\/wp-content\/uploads\/sites\/4\/2020\/12\/JAEF267.001-Copy.jpg","datePublished":"2020-12-14T19:09:54+00:00","dateModified":"2020-12-14T19:16:18+00:00","author":{"@id":"https:\/\/www.jaermuseet.no\/flyhistorisk\/#\/schema\/person\/fb7c64a141b10ccbf139c101c1c39297"},"breadcrumb":{"@id":"https:\/\/www.jaermuseet.no\/flyhistorisk\/kjell-nordby\/#breadcrumb"},"inLanguage":"nn-NO","potentialAction":[{"@type":"ReadAction","target":["https:\/\/www.jaermuseet.no\/flyhistorisk\/kjell-nordby\/"]}]},{"@type":"ImageObject","inLanguage":"nn-NO","@id":"https:\/\/www.jaermuseet.no\/flyhistorisk\/kjell-nordby\/#primaryimage","url":"https:\/\/www.jaermuseet.no\/flyhistorisk\/wp-content\/uploads\/sites\/4\/2020\/12\/JAEF267.001-Copy.jpg","contentUrl":"https:\/\/www.jaermuseet.no\/flyhistorisk\/wp-content\/uploads\/sites\/4\/2020\/12\/JAEF267.001-Copy.jpg","width":415,"height":264},{"@type":"BreadcrumbList","@id":"https:\/\/www.jaermuseet.no\/flyhistorisk\/kjell-nordby\/#breadcrumb","itemListElement":[{"@type":"ListItem","position":1,"name":"Hjem","item":"https:\/\/www.jaermuseet.no\/flyhistorisk\/"},{"@type":"ListItem","position":2,"name":"Kjell Nordby"}]},{"@type":"WebSite","@id":"https:\/\/www.jaermuseet.no\/flyhistorisk\/#website","url":"https:\/\/www.jaermuseet.no\/flyhistorisk\/","name":"Flyhistorisk Museum Sola","description":"One of Norway\u2019s largest civil collections of airplanes","potentialAction":[{"@type":"SearchAction","target":{"@type":"EntryPoint","urlTemplate":"https:\/\/www.jaermuseet.no\/flyhistorisk\/?s={search_term_string}"},"query-input":{"@type":"PropertyValueSpecification","valueRequired":true,"valueName":"search_term_string"}}],"inLanguage":"nn-NO"},{"@type":"Person","@id":"https:\/\/www.jaermuseet.no\/flyhistorisk\/#\/schema\/person\/fb7c64a141b10ccbf139c101c1c39297","name":"Flyhistorisk","image":{"@type":"ImageObject","inLanguage":"nn-NO","@id":"https:\/\/secure.gravatar.com\/avatar\/6a67dd7f87836b69b29b49028b01bea26bbf872caff3451d17e160f5c4c6e156?s=96&d=mm&r=g","url":"https:\/\/secure.gravatar.com\/avatar\/6a67dd7f87836b69b29b49028b01bea26bbf872caff3451d17e160f5c4c6e156?s=96&d=mm&r=g","contentUrl":"https:\/\/secure.gravatar.com\/avatar\/6a67dd7f87836b69b29b49028b01bea26bbf872caff3451d17e160f5c4c6e156?s=96&d=mm&r=g","caption":"Flyhistorisk"},"url":"https:\/\/www.jaermuseet.no\/flyhistorisk\/author\/flyhistorisk\/"}]}},"cc_featured_image_caption":{"caption_text":"","source_text":"","source_url":""},"jetpack_featured_media_url":"https:\/\/www.jaermuseet.no\/flyhistorisk\/wp-content\/uploads\/sites\/4\/2020\/12\/JAEF267.001-Copy.jpg","jetpack_sharing_enabled":true,"_links":{"self":[{"href":"https:\/\/www.jaermuseet.no\/flyhistorisk\/wp-json\/wp\/v2\/posts\/2016","targetHints":{"allow":["GET"]}}],"collection":[{"href":"https:\/\/www.jaermuseet.no\/flyhistorisk\/wp-json\/wp\/v2\/posts"}],"about":[{"href":"https:\/\/www.jaermuseet.no\/flyhistorisk\/wp-json\/wp\/v2\/types\/post"}],"author":[{"embeddable":true,"href":"https:\/\/www.jaermuseet.no\/flyhistorisk\/wp-json\/wp\/v2\/users\/3"}],"replies":[{"embeddable":true,"href":"https:\/\/www.jaermuseet.no\/flyhistorisk\/wp-json\/wp\/v2\/comments?post=2016"}],"version-history":[{"count":2,"href":"https:\/\/www.jaermuseet.no\/flyhistorisk\/wp-json\/wp\/v2\/posts\/2016\/revisions"}],"predecessor-version":[{"id":2022,"href":"https:\/\/www.jaermuseet.no\/flyhistorisk\/wp-json\/wp\/v2\/posts\/2016\/revisions\/2022"}],"wp:featuredmedia":[{"embeddable":true,"href":"https:\/\/www.jaermuseet.no\/flyhistorisk\/wp-json\/wp\/v2\/media\/2017"}],"wp:attachment":[{"href":"https:\/\/www.jaermuseet.no\/flyhistorisk\/wp-json\/wp\/v2\/media?parent=2016"}],"wp:term":[{"taxonomy":"category","embeddable":true,"href":"https:\/\/www.jaermuseet.no\/flyhistorisk\/wp-json\/wp\/v2\/categories?post=2016"},{"taxonomy":"post_tag","embeddable":true,"href":"https:\/\/www.jaermuseet.no\/flyhistorisk\/wp-json\/wp\/v2\/tags?post=2016"}],"curies":[{"name":"wp","href":"https:\/\/api.w.org\/{rel}","templated":true}]}}