{"id":1936,"date":"2020-09-10T15:43:23","date_gmt":"2020-09-10T13:43:23","guid":{"rendered":"https:\/\/www.jaermuseet.no\/flyhistorisk\/?p=1936"},"modified":"2020-09-10T16:07:17","modified_gmt":"2020-09-10T14:07:17","slug":"eivind-leithe","status":"publish","type":"post","link":"https:\/\/www.jaermuseet.no\/flyhistorisk\/eivind-leithe\/","title":{"rendered":"Eivind Leithe"},"content":{"rendered":"\n<h2 class=\"wp-block-heading\">Jagerflyger p\u00e5 1950-tallet og offiser til 1982<\/h2>\n\n\n\n<p>Eivind Leithe ble f\u00f8dt i Vang i Valdres 23. juli 1928. Her tilbragte han hele sin barndom frem til han startet p\u00e5 foregangsskolen i Vestre Slidre. Han startet deretter p\u00e5 Gymnaset i Eidsvoll hvor han tok Artium i 1950. I l\u00f8pet av tiden p\u00e5 Eidsvoll kunne Eivind rett som det var med begeistring iaktta Vampire-jagerne som holdt til p\u00e5 Gardermoen fra klasserommet og skoleg\u00e5rden. Dette tente en gnist som f\u00f8rte til at han s\u00f8kte seg til Flyskolen etter fullf\u00f8rt Artium. Sammen med omkring 400 andre h\u00e5pefulle ungdommer ble han kalt inn til opptakspr\u00f8ver p\u00e5 Fornebu. Da opptaket var ferdig ble han sendt videre til flyskolen p\u00e5 Kjeller for videre opptakspr\u00f8ver og uttaksflygning.<\/p>\n\n\n\n<p>Mandag 6. november gikk veien videre til USA for&nbsp; Eivind og de 54 andre elevene p\u00e5 Flykull F II \/50 i et innleid fly fra Braathens SAFE. I USA tilbragte Eivind f\u00f8rste et halvt \u00e5rs tide p\u00e5 Connally Air Force Base i Texas hvor han fl\u00f8y T-6 Texan f\u00f8r veien gikk videre til Williams Air Force Base hvor han fl\u00f8y T-33 T-bird og F-80 Shooting Star. Etter et dr\u00f8yt \u00e5r i USA, var endelig den store dagen kommet. L\u00f8rdag 15. desember 1951 kunne Eivind sammen med 42 andre flyskoleelever omsider motta flyvingen som bevis p\u00e5 at han hadde fullf\u00f8rt flyskole og var \u00e5 regne som ferdigutdannede jetjagerflygere under en h\u00f8ytidelig seremoni p\u00e5 Williams Air Force Base. Deretter stod hjemreisen for tur for de nyutdannede flygerne.<\/p>\n\n\n\n<p>Etter en velfortjent juleferier m\u00f8tte Eivind opp p\u00e5 V\u00e6rnes 6. januar 1952 for \u00e5 gjennomf\u00f8re omstillingskurset som alle nyutdannede flygere m\u00e5tte gjennom f\u00f8r de ble postet til operative jagerflyavdelinger. Den neste m\u00e5neden fikk Eivind og de andre flygerne p\u00e5 omstillingskurset en grundig innf\u00f8ring i norske administrative- og kommandoforhold. Etter omstillingskurset ble han postet til 334 skvadron p\u00e5 Sola som utp\u00e5 sommeren det samme \u00e5ret ble fult operativ som Norges f\u00f8rste skvadron oppsatt med F-84G Thunderjet. &nbsp;Etter et par \u00e5r p\u00e5 Sola gikk veien videre til 330 skvadron p\u00e5 Gardermoen som ogs\u00e5 var oppsatt med F-84G Thunderjet.<\/p>\n\n\n\n<p>Ikke lenge etterp\u00e5 fikk flygerkarrieren til Eivind seg en br\u00e5 slutt etter en meget brutal vinter\u00f8velse i Valdres. I l\u00f8pet av \u00f8velsen \u00f8nsket forsvaret \u00e5 sjekke hvor godt flygerne var i stand til \u00e5 overleve i vinterfjellet kun if\u00f8rt det de hadde p\u00e5 seg og med seg under ordin\u00e6r flygning. Flygerne fikk tildelt hver sin natt som de skulle sove utend\u00f8rs kun if\u00f8rt flight suit og redningspakken de hadde med i jetjagerens katapultsete. For Eivind ble dette en meget brutal natt med temperaturer ned til 28 minusgrader.<\/p>\n\n\n\n<p>&#8220;(\u2026) jeg holdt p\u00e5 \u00e5 fryse helsa fra meg. Jeg ble helt dirrende i hele kroppen. Og kunne ikke spise suppe med skje for suppa fl\u00f8y over hele huset. Og jeg kunne ikke fly. Det vil si jeg sa fra selv at jeg kan ikke holde en spake, for jeg fors\u00f8kte \u00e5 fly. Det gikk ikke. S\u00e5 m\u00e5tte jeg f\u00e5 meg en annen jobb. Og da ble jeg postet til flykommand\u00f8ren i Oslo. Men jeg hadde den skjelvingen og fortsatte med den i to eller kanskje det var tre \u00e5r f\u00f8r den begynte \u00e5 gi seg.&#8221;<\/p>\n\n\n\n<p>Selv om dette ble slutten p\u00e5 hans flygerkarriere fortsatte han i Forsvaret frem til 1982. Etter \u00e5 ha tilbragt en tid i det s\u00e5kalte War Room som operasjonsoffiser startet han p\u00e5 Administrasjonsskolen i Stavern etterfulgt utdannelse til fighter controller p\u00e5 V\u00e6rnes og radarskole. Deretter fulgte et arbeidsliv hvor han stort sett jobbet p\u00e5 ulike milit\u00e6re radarstasjoner frem til han forlot Forsvaret som major i 1982.<\/p>\n\n\n\n<p>Eivind Leithe ble intervjuet av Sondre B. Hvam (konservator nmf og ph.d-stipendiat ansatt i J\u00e6rmuseet) 9. juni 2020.<\/p>\n\n\n\n<figure class=\"wp-block-gallery columns-3 is-cropped wp-block-gallery-1 is-layout-flex wp-block-gallery-is-layout-flex\"><ul class=\"blocks-gallery-grid\"><li class=\"blocks-gallery-item\"><figure><img loading=\"lazy\" decoding=\"async\" width=\"1024\" height=\"801\" src=\"https:\/\/www.jaermuseet.no\/flyhistorisk\/wp-content\/uploads\/sites\/4\/2020\/09\/20200609_124238-1024x801.jpg\" alt=\"\" data-id=\"1937\" data-full-url=\"https:\/\/www.jaermuseet.no\/flyhistorisk\/wp-content\/uploads\/sites\/4\/2020\/09\/20200609_124238-scaled.jpg\" data-link=\"https:\/\/www.jaermuseet.no\/flyhistorisk\/?attachment_id=1937\" class=\"wp-image-1937\" srcset=\"https:\/\/www.jaermuseet.no\/flyhistorisk\/wp-content\/uploads\/sites\/4\/2020\/09\/20200609_124238-1024x801.jpg 1024w, https:\/\/www.jaermuseet.no\/flyhistorisk\/wp-content\/uploads\/sites\/4\/2020\/09\/20200609_124238-300x235.jpg 300w, https:\/\/www.jaermuseet.no\/flyhistorisk\/wp-content\/uploads\/sites\/4\/2020\/09\/20200609_124238-200x156.jpg 200w, https:\/\/www.jaermuseet.no\/flyhistorisk\/wp-content\/uploads\/sites\/4\/2020\/09\/20200609_124238-1536x1201.jpg 1536w, https:\/\/www.jaermuseet.no\/flyhistorisk\/wp-content\/uploads\/sites\/4\/2020\/09\/20200609_124238-2048x1601.jpg 2048w, https:\/\/www.jaermuseet.no\/flyhistorisk\/wp-content\/uploads\/sites\/4\/2020\/09\/20200609_124238-250x195.jpg 250w\" sizes=\"auto, (max-width: 1024px) 100vw, 1024px\" \/><\/figure><\/li><li class=\"blocks-gallery-item\"><figure><img loading=\"lazy\" decoding=\"async\" width=\"1024\" height=\"829\" src=\"https:\/\/www.jaermuseet.no\/flyhistorisk\/wp-content\/uploads\/sites\/4\/2020\/09\/20200609_124336-1024x829.jpg\" alt=\"\" data-id=\"1938\" data-full-url=\"https:\/\/www.jaermuseet.no\/flyhistorisk\/wp-content\/uploads\/sites\/4\/2020\/09\/20200609_124336-scaled.jpg\" data-link=\"https:\/\/www.jaermuseet.no\/flyhistorisk\/?attachment_id=1938\" class=\"wp-image-1938\" srcset=\"https:\/\/www.jaermuseet.no\/flyhistorisk\/wp-content\/uploads\/sites\/4\/2020\/09\/20200609_124336-1024x829.jpg 1024w, https:\/\/www.jaermuseet.no\/flyhistorisk\/wp-content\/uploads\/sites\/4\/2020\/09\/20200609_124336-300x243.jpg 300w, https:\/\/www.jaermuseet.no\/flyhistorisk\/wp-content\/uploads\/sites\/4\/2020\/09\/20200609_124336-200x162.jpg 200w, https:\/\/www.jaermuseet.no\/flyhistorisk\/wp-content\/uploads\/sites\/4\/2020\/09\/20200609_124336-1536x1244.jpg 1536w, https:\/\/www.jaermuseet.no\/flyhistorisk\/wp-content\/uploads\/sites\/4\/2020\/09\/20200609_124336-2048x1659.jpg 2048w, https:\/\/www.jaermuseet.no\/flyhistorisk\/wp-content\/uploads\/sites\/4\/2020\/09\/20200609_124336-250x203.jpg 250w\" sizes=\"auto, (max-width: 1024px) 100vw, 1024px\" \/><\/figure><\/li><li class=\"blocks-gallery-item\"><figure><img loading=\"lazy\" decoding=\"async\" width=\"1024\" height=\"600\" src=\"https:\/\/www.jaermuseet.no\/flyhistorisk\/wp-content\/uploads\/sites\/4\/2020\/09\/20200609_124525-1024x600.jpg\" alt=\"\" data-id=\"1939\" data-full-url=\"https:\/\/www.jaermuseet.no\/flyhistorisk\/wp-content\/uploads\/sites\/4\/2020\/09\/20200609_124525-scaled.jpg\" data-link=\"https:\/\/www.jaermuseet.no\/flyhistorisk\/?attachment_id=1939\" class=\"wp-image-1939\" srcset=\"https:\/\/www.jaermuseet.no\/flyhistorisk\/wp-content\/uploads\/sites\/4\/2020\/09\/20200609_124525-1024x600.jpg 1024w, https:\/\/www.jaermuseet.no\/flyhistorisk\/wp-content\/uploads\/sites\/4\/2020\/09\/20200609_124525-300x176.jpg 300w, https:\/\/www.jaermuseet.no\/flyhistorisk\/wp-content\/uploads\/sites\/4\/2020\/09\/20200609_124525-200x117.jpg 200w, https:\/\/www.jaermuseet.no\/flyhistorisk\/wp-content\/uploads\/sites\/4\/2020\/09\/20200609_124525-1536x900.jpg 1536w, https:\/\/www.jaermuseet.no\/flyhistorisk\/wp-content\/uploads\/sites\/4\/2020\/09\/20200609_124525-2048x1200.jpg 2048w, https:\/\/www.jaermuseet.no\/flyhistorisk\/wp-content\/uploads\/sites\/4\/2020\/09\/20200609_124525-250x147.jpg 250w\" sizes=\"auto, (max-width: 1024px) 100vw, 1024px\" \/><\/figure><\/li><\/ul><\/figure>\n","protected":false},"excerpt":{"rendered":"<p>Jagerflyger p\u00e5 1950-tallet og offiser til 1982 Eivind Leithe ble&#8230;<\/p>\n","protected":false},"author":3,"featured_media":1943,"comment_status":"closed","ping_status":"closed","sticky":false,"template":"","format":"standard","meta":{"_acf_changed":false,"_jetpack_memberships_contains_paid_content":false,"footnotes":""},"categories":[27],"tags":[],"class_list":["post-1936","post","type-post","status-publish","format-standard","has-post-thumbnail","hentry","category-minnebanken","featured-image-size-large"],"acf":[],"yoast_head":"<!-- This site is optimized with the Yoast SEO plugin v27.4 - https:\/\/yoast.com\/product\/yoast-seo-wordpress\/ -->\n<title>Eivind Leithe - Flyhistorisk Museum Sola % %<\/title>\n<meta name=\"robots\" content=\"index, follow, max-snippet:-1, max-image-preview:large, max-video-preview:-1\" \/>\n<link rel=\"canonical\" href=\"https:\/\/www.jaermuseet.no\/flyhistorisk\/eivind-leithe\/\" \/>\n<meta property=\"og:locale\" content=\"nn_NO\" \/>\n<meta property=\"og:type\" content=\"article\" \/>\n<meta property=\"og:title\" content=\"Eivind Leithe - Flyhistorisk Museum Sola % %\" \/>\n<meta property=\"og:description\" content=\"Jagerflyger p\u00e5 1950-tallet og offiser til 1982 Eivind Leithe ble...\" \/>\n<meta property=\"og:url\" content=\"https:\/\/www.jaermuseet.no\/flyhistorisk\/eivind-leithe\/\" \/>\n<meta property=\"og:site_name\" content=\"Flyhistorisk Museum Sola\" \/>\n<meta property=\"article:published_time\" content=\"2020-09-10T13:43:23+00:00\" \/>\n<meta property=\"article:modified_time\" content=\"2020-09-10T14:07:17+00:00\" \/>\n<meta property=\"og:image\" content=\"https:\/\/www.jaermuseet.no\/flyhistorisk\/wp-content\/uploads\/sites\/4\/2020\/09\/Eivind.jpg\" \/>\n\t<meta property=\"og:image:width\" content=\"897\" \/>\n\t<meta property=\"og:image:height\" content=\"448\" \/>\n\t<meta property=\"og:image:type\" content=\"image\/jpeg\" \/>\n<meta name=\"author\" content=\"Flyhistorisk\" \/>\n<meta name=\"twitter:card\" content=\"summary_large_image\" \/>\n<meta name=\"twitter:label1\" content=\"Written by\" \/>\n\t<meta name=\"twitter:data1\" content=\"Flyhistorisk\" \/>\n\t<meta name=\"twitter:label2\" content=\"Est. reading time\" \/>\n\t<meta name=\"twitter:data2\" content=\"3 minutt\" \/>\n<script type=\"application\/ld+json\" class=\"yoast-schema-graph\">{\"@context\":\"https:\\\/\\\/schema.org\",\"@graph\":[{\"@type\":\"Article\",\"@id\":\"https:\\\/\\\/www.jaermuseet.no\\\/flyhistorisk\\\/eivind-leithe\\\/#article\",\"isPartOf\":{\"@id\":\"https:\\\/\\\/www.jaermuseet.no\\\/flyhistorisk\\\/eivind-leithe\\\/\"},\"author\":{\"name\":\"Flyhistorisk\",\"@id\":\"https:\\\/\\\/www.jaermuseet.no\\\/flyhistorisk\\\/#\\\/schema\\\/person\\\/fb7c64a141b10ccbf139c101c1c39297\"},\"headline\":\"Eivind Leithe\",\"datePublished\":\"2020-09-10T13:43:23+00:00\",\"dateModified\":\"2020-09-10T14:07:17+00:00\",\"mainEntityOfPage\":{\"@id\":\"https:\\\/\\\/www.jaermuseet.no\\\/flyhistorisk\\\/eivind-leithe\\\/\"},\"wordCount\":624,\"image\":{\"@id\":\"https:\\\/\\\/www.jaermuseet.no\\\/flyhistorisk\\\/eivind-leithe\\\/#primaryimage\"},\"thumbnailUrl\":\"https:\\\/\\\/www.jaermuseet.no\\\/flyhistorisk\\\/wp-content\\\/uploads\\\/sites\\\/4\\\/2020\\\/09\\\/Eivind.jpg\",\"articleSection\":[\"Minnebanken\"],\"inLanguage\":\"nn-NO\"},{\"@type\":\"WebPage\",\"@id\":\"https:\\\/\\\/www.jaermuseet.no\\\/flyhistorisk\\\/eivind-leithe\\\/\",\"url\":\"https:\\\/\\\/www.jaermuseet.no\\\/flyhistorisk\\\/eivind-leithe\\\/\",\"name\":\"Eivind Leithe - Flyhistorisk Museum Sola % %\",\"isPartOf\":{\"@id\":\"https:\\\/\\\/www.jaermuseet.no\\\/flyhistorisk\\\/#website\"},\"primaryImageOfPage\":{\"@id\":\"https:\\\/\\\/www.jaermuseet.no\\\/flyhistorisk\\\/eivind-leithe\\\/#primaryimage\"},\"image\":{\"@id\":\"https:\\\/\\\/www.jaermuseet.no\\\/flyhistorisk\\\/eivind-leithe\\\/#primaryimage\"},\"thumbnailUrl\":\"https:\\\/\\\/www.jaermuseet.no\\\/flyhistorisk\\\/wp-content\\\/uploads\\\/sites\\\/4\\\/2020\\\/09\\\/Eivind.jpg\",\"datePublished\":\"2020-09-10T13:43:23+00:00\",\"dateModified\":\"2020-09-10T14:07:17+00:00\",\"author\":{\"@id\":\"https:\\\/\\\/www.jaermuseet.no\\\/flyhistorisk\\\/#\\\/schema\\\/person\\\/fb7c64a141b10ccbf139c101c1c39297\"},\"breadcrumb\":{\"@id\":\"https:\\\/\\\/www.jaermuseet.no\\\/flyhistorisk\\\/eivind-leithe\\\/#breadcrumb\"},\"inLanguage\":\"nn-NO\",\"potentialAction\":[{\"@type\":\"ReadAction\",\"target\":[\"https:\\\/\\\/www.jaermuseet.no\\\/flyhistorisk\\\/eivind-leithe\\\/\"]}]},{\"@type\":\"ImageObject\",\"inLanguage\":\"nn-NO\",\"@id\":\"https:\\\/\\\/www.jaermuseet.no\\\/flyhistorisk\\\/eivind-leithe\\\/#primaryimage\",\"url\":\"https:\\\/\\\/www.jaermuseet.no\\\/flyhistorisk\\\/wp-content\\\/uploads\\\/sites\\\/4\\\/2020\\\/09\\\/Eivind.jpg\",\"contentUrl\":\"https:\\\/\\\/www.jaermuseet.no\\\/flyhistorisk\\\/wp-content\\\/uploads\\\/sites\\\/4\\\/2020\\\/09\\\/Eivind.jpg\",\"width\":897,\"height\":448},{\"@type\":\"BreadcrumbList\",\"@id\":\"https:\\\/\\\/www.jaermuseet.no\\\/flyhistorisk\\\/eivind-leithe\\\/#breadcrumb\",\"itemListElement\":[{\"@type\":\"ListItem\",\"position\":1,\"name\":\"Hjem\",\"item\":\"https:\\\/\\\/www.jaermuseet.no\\\/flyhistorisk\\\/\"},{\"@type\":\"ListItem\",\"position\":2,\"name\":\"Eivind Leithe\"}]},{\"@type\":\"WebSite\",\"@id\":\"https:\\\/\\\/www.jaermuseet.no\\\/flyhistorisk\\\/#website\",\"url\":\"https:\\\/\\\/www.jaermuseet.no\\\/flyhistorisk\\\/\",\"name\":\"Flyhistorisk Museum Sola\",\"description\":\"One of Norway\u2019s largest civil collections of airplanes\",\"potentialAction\":[{\"@type\":\"SearchAction\",\"target\":{\"@type\":\"EntryPoint\",\"urlTemplate\":\"https:\\\/\\\/www.jaermuseet.no\\\/flyhistorisk\\\/?s={search_term_string}\"},\"query-input\":{\"@type\":\"PropertyValueSpecification\",\"valueRequired\":true,\"valueName\":\"search_term_string\"}}],\"inLanguage\":\"nn-NO\"},{\"@type\":\"Person\",\"@id\":\"https:\\\/\\\/www.jaermuseet.no\\\/flyhistorisk\\\/#\\\/schema\\\/person\\\/fb7c64a141b10ccbf139c101c1c39297\",\"name\":\"Flyhistorisk\",\"image\":{\"@type\":\"ImageObject\",\"inLanguage\":\"nn-NO\",\"@id\":\"https:\\\/\\\/secure.gravatar.com\\\/avatar\\\/6a67dd7f87836b69b29b49028b01bea26bbf872caff3451d17e160f5c4c6e156?s=96&d=mm&r=g\",\"url\":\"https:\\\/\\\/secure.gravatar.com\\\/avatar\\\/6a67dd7f87836b69b29b49028b01bea26bbf872caff3451d17e160f5c4c6e156?s=96&d=mm&r=g\",\"contentUrl\":\"https:\\\/\\\/secure.gravatar.com\\\/avatar\\\/6a67dd7f87836b69b29b49028b01bea26bbf872caff3451d17e160f5c4c6e156?s=96&d=mm&r=g\",\"caption\":\"Flyhistorisk\"},\"url\":\"https:\\\/\\\/www.jaermuseet.no\\\/flyhistorisk\\\/author\\\/flyhistorisk\\\/\"}]}<\/script>\n<!-- \/ Yoast SEO plugin. -->","yoast_head_json":{"title":"Eivind Leithe - Flyhistorisk Museum Sola % %","robots":{"index":"index","follow":"follow","max-snippet":"max-snippet:-1","max-image-preview":"max-image-preview:large","max-video-preview":"max-video-preview:-1"},"canonical":"https:\/\/www.jaermuseet.no\/flyhistorisk\/eivind-leithe\/","og_locale":"nn_NO","og_type":"article","og_title":"Eivind Leithe - Flyhistorisk Museum Sola % %","og_description":"Jagerflyger p\u00e5 1950-tallet og offiser til 1982 Eivind Leithe ble...","og_url":"https:\/\/www.jaermuseet.no\/flyhistorisk\/eivind-leithe\/","og_site_name":"Flyhistorisk Museum Sola","article_published_time":"2020-09-10T13:43:23+00:00","article_modified_time":"2020-09-10T14:07:17+00:00","og_image":[{"width":897,"height":448,"url":"https:\/\/www.jaermuseet.no\/flyhistorisk\/wp-content\/uploads\/sites\/4\/2020\/09\/Eivind.jpg","type":"image\/jpeg"}],"author":"Flyhistorisk","twitter_card":"summary_large_image","twitter_misc":{"Written by":"Flyhistorisk","Est. reading time":"3 minutt"},"schema":{"@context":"https:\/\/schema.org","@graph":[{"@type":"Article","@id":"https:\/\/www.jaermuseet.no\/flyhistorisk\/eivind-leithe\/#article","isPartOf":{"@id":"https:\/\/www.jaermuseet.no\/flyhistorisk\/eivind-leithe\/"},"author":{"name":"Flyhistorisk","@id":"https:\/\/www.jaermuseet.no\/flyhistorisk\/#\/schema\/person\/fb7c64a141b10ccbf139c101c1c39297"},"headline":"Eivind Leithe","datePublished":"2020-09-10T13:43:23+00:00","dateModified":"2020-09-10T14:07:17+00:00","mainEntityOfPage":{"@id":"https:\/\/www.jaermuseet.no\/flyhistorisk\/eivind-leithe\/"},"wordCount":624,"image":{"@id":"https:\/\/www.jaermuseet.no\/flyhistorisk\/eivind-leithe\/#primaryimage"},"thumbnailUrl":"https:\/\/www.jaermuseet.no\/flyhistorisk\/wp-content\/uploads\/sites\/4\/2020\/09\/Eivind.jpg","articleSection":["Minnebanken"],"inLanguage":"nn-NO"},{"@type":"WebPage","@id":"https:\/\/www.jaermuseet.no\/flyhistorisk\/eivind-leithe\/","url":"https:\/\/www.jaermuseet.no\/flyhistorisk\/eivind-leithe\/","name":"Eivind Leithe - Flyhistorisk Museum Sola % %","isPartOf":{"@id":"https:\/\/www.jaermuseet.no\/flyhistorisk\/#website"},"primaryImageOfPage":{"@id":"https:\/\/www.jaermuseet.no\/flyhistorisk\/eivind-leithe\/#primaryimage"},"image":{"@id":"https:\/\/www.jaermuseet.no\/flyhistorisk\/eivind-leithe\/#primaryimage"},"thumbnailUrl":"https:\/\/www.jaermuseet.no\/flyhistorisk\/wp-content\/uploads\/sites\/4\/2020\/09\/Eivind.jpg","datePublished":"2020-09-10T13:43:23+00:00","dateModified":"2020-09-10T14:07:17+00:00","author":{"@id":"https:\/\/www.jaermuseet.no\/flyhistorisk\/#\/schema\/person\/fb7c64a141b10ccbf139c101c1c39297"},"breadcrumb":{"@id":"https:\/\/www.jaermuseet.no\/flyhistorisk\/eivind-leithe\/#breadcrumb"},"inLanguage":"nn-NO","potentialAction":[{"@type":"ReadAction","target":["https:\/\/www.jaermuseet.no\/flyhistorisk\/eivind-leithe\/"]}]},{"@type":"ImageObject","inLanguage":"nn-NO","@id":"https:\/\/www.jaermuseet.no\/flyhistorisk\/eivind-leithe\/#primaryimage","url":"https:\/\/www.jaermuseet.no\/flyhistorisk\/wp-content\/uploads\/sites\/4\/2020\/09\/Eivind.jpg","contentUrl":"https:\/\/www.jaermuseet.no\/flyhistorisk\/wp-content\/uploads\/sites\/4\/2020\/09\/Eivind.jpg","width":897,"height":448},{"@type":"BreadcrumbList","@id":"https:\/\/www.jaermuseet.no\/flyhistorisk\/eivind-leithe\/#breadcrumb","itemListElement":[{"@type":"ListItem","position":1,"name":"Hjem","item":"https:\/\/www.jaermuseet.no\/flyhistorisk\/"},{"@type":"ListItem","position":2,"name":"Eivind Leithe"}]},{"@type":"WebSite","@id":"https:\/\/www.jaermuseet.no\/flyhistorisk\/#website","url":"https:\/\/www.jaermuseet.no\/flyhistorisk\/","name":"Flyhistorisk Museum Sola","description":"One of Norway\u2019s largest civil collections of airplanes","potentialAction":[{"@type":"SearchAction","target":{"@type":"EntryPoint","urlTemplate":"https:\/\/www.jaermuseet.no\/flyhistorisk\/?s={search_term_string}"},"query-input":{"@type":"PropertyValueSpecification","valueRequired":true,"valueName":"search_term_string"}}],"inLanguage":"nn-NO"},{"@type":"Person","@id":"https:\/\/www.jaermuseet.no\/flyhistorisk\/#\/schema\/person\/fb7c64a141b10ccbf139c101c1c39297","name":"Flyhistorisk","image":{"@type":"ImageObject","inLanguage":"nn-NO","@id":"https:\/\/secure.gravatar.com\/avatar\/6a67dd7f87836b69b29b49028b01bea26bbf872caff3451d17e160f5c4c6e156?s=96&d=mm&r=g","url":"https:\/\/secure.gravatar.com\/avatar\/6a67dd7f87836b69b29b49028b01bea26bbf872caff3451d17e160f5c4c6e156?s=96&d=mm&r=g","contentUrl":"https:\/\/secure.gravatar.com\/avatar\/6a67dd7f87836b69b29b49028b01bea26bbf872caff3451d17e160f5c4c6e156?s=96&d=mm&r=g","caption":"Flyhistorisk"},"url":"https:\/\/www.jaermuseet.no\/flyhistorisk\/author\/flyhistorisk\/"}]}},"cc_featured_image_caption":{"caption_text":"","source_text":"","source_url":""},"jetpack_featured_media_url":"https:\/\/www.jaermuseet.no\/flyhistorisk\/wp-content\/uploads\/sites\/4\/2020\/09\/Eivind.jpg","jetpack_sharing_enabled":true,"_links":{"self":[{"href":"https:\/\/www.jaermuseet.no\/flyhistorisk\/wp-json\/wp\/v2\/posts\/1936","targetHints":{"allow":["GET"]}}],"collection":[{"href":"https:\/\/www.jaermuseet.no\/flyhistorisk\/wp-json\/wp\/v2\/posts"}],"about":[{"href":"https:\/\/www.jaermuseet.no\/flyhistorisk\/wp-json\/wp\/v2\/types\/post"}],"author":[{"embeddable":true,"href":"https:\/\/www.jaermuseet.no\/flyhistorisk\/wp-json\/wp\/v2\/users\/3"}],"replies":[{"embeddable":true,"href":"https:\/\/www.jaermuseet.no\/flyhistorisk\/wp-json\/wp\/v2\/comments?post=1936"}],"version-history":[{"count":3,"href":"https:\/\/www.jaermuseet.no\/flyhistorisk\/wp-json\/wp\/v2\/posts\/1936\/revisions"}],"predecessor-version":[{"id":1945,"href":"https:\/\/www.jaermuseet.no\/flyhistorisk\/wp-json\/wp\/v2\/posts\/1936\/revisions\/1945"}],"wp:featuredmedia":[{"embeddable":true,"href":"https:\/\/www.jaermuseet.no\/flyhistorisk\/wp-json\/wp\/v2\/media\/1943"}],"wp:attachment":[{"href":"https:\/\/www.jaermuseet.no\/flyhistorisk\/wp-json\/wp\/v2\/media?parent=1936"}],"wp:term":[{"taxonomy":"category","embeddable":true,"href":"https:\/\/www.jaermuseet.no\/flyhistorisk\/wp-json\/wp\/v2\/categories?post=1936"},{"taxonomy":"post_tag","embeddable":true,"href":"https:\/\/www.jaermuseet.no\/flyhistorisk\/wp-json\/wp\/v2\/tags?post=1936"}],"curies":[{"name":"wp","href":"https:\/\/api.w.org\/{rel}","templated":true}]}}