{"id":1813,"date":"2020-06-17T10:31:59","date_gmt":"2020-06-17T08:31:59","guid":{"rendered":"https:\/\/www.jaermuseet.no\/flyhistorisk\/?p=1813"},"modified":"2020-06-17T11:00:50","modified_gmt":"2020-06-17T09:00:50","slug":"terje-benjamin-johansen","status":"publish","type":"post","link":"https:\/\/www.jaermuseet.no\/flyhistorisk\/terje-benjamin-johansen\/","title":{"rendered":"Terje Benjamin Johansen"},"content":{"rendered":"<p>Terje Benjamin Johansen ble f\u00f8dt i 1945 og vokste opp i Trondheim. Han minnes at han i sin tidlige barndom lot seg fascinere av flyene som han rett som det var kunne observere og byen og Trondheimsfjorden. Det tok ikke lang tid f\u00f8r Terje var helt hektet p\u00e5 fly. Flyb\u00f8ker ble l\u00e5nt i raskt tempo fra byens bibliotek og seilflykurs ble etterhvert gjennomf\u00f8rt takket v\u00e6re stipend fra Luftforsvaret. Deretter fulgte opptakspr\u00f8ver og uttaksflygning p\u00e5 Flyskolen i 1965, f\u00f8r veien gikk videre til Craig Air Force Base i Alabama hvor Terje var eneste nordmann p\u00e5 kullet.<\/p>\n<p>P\u00e5 Craig Air Force Base gjennomf\u00f8rte Terje det ordin\u00e6re utdanningsl\u00f8pet for vordende jagerflygere p\u00e5 T-41, T-37 og T-38 f\u00f8r han i februar 1968 mottok den etterlengtede flyvingen. Deretter gikk veien videre til Sola og 718 skvadron hvor han med et n\u00f8dskrik rakk \u00e5 f\u00e5 instrumentsertifikatet ved hjelp av T-33 T-bird, f\u00f8r den aldrende flytypen ble erstattet med F-5 senere det samme \u00e5ret. Ironisk nok var 718 skvadron p\u00e5 Sola, som hadde rollen som en skoleavdeling, den siste skvadronen i Luftforsvaret til \u00e5 motta F-5\u2026<\/p>\n<p>Etter oppholdet p\u00e5 Sola ble Terje postet til 338 skvadron p\u00e5 \u00d8rland som operativ jagerflyger p\u00e5 F-5. Etter halvannet \u00e5r her gikk veien videre til Luftkrigsskolen.\u00a0 Ved fullf\u00f8ringen av Luftkrigsskolen i 1971 s\u00f8kte han seg til 331 skvadron som fl\u00f8y F-104G Starfighter ut fra Bod\u00f8. Her ble han v\u00e6rende frem til han la den milit\u00e6re flygerkarrieren p\u00e5 hylla til fordel for en jobb i Braathens ved \u00e5rsskiftet 1978\/79.<\/p>\n<p>Terje Benjamin Johansen ble intervjuet sammen med Rolf Hovd av Sondre B. Hvam (konservator nmf og ph.d-stipendiat ansatt i J\u00e6rmuseet) 5. mars 2020.<\/p>\n<div class=\"tiled-gallery type-rectangular tiled-gallery-unresized\" data-original-width=\"500\" data-carousel-extra='null' itemscope itemtype=\"http:\/\/schema.org\/ImageGallery\" > <div class=\"gallery-row\" style=\"width: 500px; height: 312px;\" data-original-width=\"500\" data-original-height=\"312\" > <div class=\"gallery-group images-1\" style=\"width: 312px; height: 312px;\" data-original-width=\"312\" data-original-height=\"312\" > <div class=\"tiled-gallery-item tiled-gallery-item-large\" itemprop=\"associatedMedia\" itemscope itemtype=\"http:\/\/schema.org\/ImageObject\"> <a href=\"https:\/\/www.jaermuseet.no\/flyhistorisk\/terje-benjamin-johansen\/jaef252-001\/\" border=\"0\" itemprop=\"url\"> <meta itemprop=\"width\" content=\"308\"> <meta itemprop=\"height\" content=\"308\"> <img decoding=\"async\" class=\"\" data-attachment-id=\"1814\" data-orig-file=\"https:\/\/www.jaermuseet.no\/flyhistorisk\/wp-content\/uploads\/sites\/4\/2020\/06\/J\u00c6F252.001.jpg\" data-orig-size=\"926,925\" data-comments-opened=\"\" data-image-meta=\"{&quot;aperture&quot;:&quot;0&quot;,&quot;credit&quot;:&quot;&quot;,&quot;camera&quot;:&quot;&quot;,&quot;caption&quot;:&quot;&quot;,&quot;created_timestamp&quot;:&quot;0&quot;,&quot;copyright&quot;:&quot;&quot;,&quot;focal_length&quot;:&quot;0&quot;,&quot;iso&quot;:&quot;0&quot;,&quot;shutter_speed&quot;:&quot;0&quot;,&quot;title&quot;:&quot;&quot;,&quot;orientation&quot;:&quot;0&quot;}\" data-image-title=\"J\u00c6F252.001\" data-image-description=\"\" data-medium-file=\"https:\/\/www.jaermuseet.no\/flyhistorisk\/wp-content\/uploads\/sites\/4\/2020\/06\/J\u00c6F252.001-300x300.jpg\" data-large-file=\"https:\/\/www.jaermuseet.no\/flyhistorisk\/wp-content\/uploads\/sites\/4\/2020\/06\/J\u00c6F252.001.jpg\" src=\"https:\/\/i0.wp.com\/www.jaermuseet.no\/flyhistorisk\/wp-content\/uploads\/sites\/4\/2020\/06\/J%C3%86F252.001.jpg?w=308&#038;h=308&#038;crop=1&#038;ssl=1\" width=\"308\" height=\"308\" loading=\"lazy\" data-original-width=\"308\" data-original-height=\"308\" itemprop=\"http:\/\/schema.org\/image\" title=\"J\u00c6F252.001\" alt=\"Terje Benjamin Johansen forlater Flyskolens flight line p\u00e5 V\u00e6rnes etter sin f\u00f8rste solotur 4. mars 1966. Foto via Terje Benjamin Johansen\" style=\"width: 308px; height: 308px;\" \/> <\/a> <div class=\"tiled-gallery-caption\" itemprop=\"caption description\"> Terje Benjamin Johansen forlater Flyskolens flight line p\u00e5 V\u00e6rnes etter sin f\u00f8rste solotur 4. mars 1966. Foto via Terje Benjamin Johansen <\/div> <\/div> <\/div> <!-- close group --> <div class=\"gallery-group images-2\" style=\"width: 188px; height: 312px;\" data-original-width=\"188\" data-original-height=\"312\" > <div class=\"tiled-gallery-item tiled-gallery-item-small\" itemprop=\"associatedMedia\" itemscope itemtype=\"http:\/\/schema.org\/ImageObject\"> <a href=\"https:\/\/www.jaermuseet.no\/flyhistorisk\/terje-benjamin-johansen\/jaef252-004\/\" border=\"0\" itemprop=\"url\"> <meta itemprop=\"width\" content=\"184\"> <meta itemprop=\"height\" content=\"119\"> <img decoding=\"async\" class=\"\" data-attachment-id=\"1815\" data-orig-file=\"https:\/\/www.jaermuseet.no\/flyhistorisk\/wp-content\/uploads\/sites\/4\/2020\/06\/J\u00c6F252.004.jpg\" data-orig-size=\"1167,754\" data-comments-opened=\"\" data-image-meta=\"{&quot;aperture&quot;:&quot;0&quot;,&quot;credit&quot;:&quot;&quot;,&quot;camera&quot;:&quot;&quot;,&quot;caption&quot;:&quot;&quot;,&quot;created_timestamp&quot;:&quot;0&quot;,&quot;copyright&quot;:&quot;&quot;,&quot;focal_length&quot;:&quot;0&quot;,&quot;iso&quot;:&quot;0&quot;,&quot;shutter_speed&quot;:&quot;0&quot;,&quot;title&quot;:&quot;&quot;,&quot;orientation&quot;:&quot;0&quot;}\" data-image-title=\"J\u00c6F252.004\" data-image-description=\"\" data-medium-file=\"https:\/\/www.jaermuseet.no\/flyhistorisk\/wp-content\/uploads\/sites\/4\/2020\/06\/J\u00c6F252.004-300x194.jpg\" data-large-file=\"https:\/\/www.jaermuseet.no\/flyhistorisk\/wp-content\/uploads\/sites\/4\/2020\/06\/J\u00c6F252.004-1024x662.jpg\" src=\"https:\/\/i0.wp.com\/www.jaermuseet.no\/flyhistorisk\/wp-content\/uploads\/sites\/4\/2020\/06\/J%C3%86F252.004.jpg?w=184&#038;h=119&#038;ssl=1\" width=\"184\" height=\"119\" loading=\"lazy\" data-original-width=\"184\" data-original-height=\"119\" itemprop=\"http:\/\/schema.org\/image\" title=\"J\u00c6F252.004\" alt=\"Terje Benjamin Johansen blir utsatt for den beryktede d\u00e5psseremonien etter sin f\u00f8rste solotur i Saab 91B Safir p\u00e5 V\u00e6rnes 4. mars 1966. Foto via Terje Benjamin Johansen\" style=\"width: 184px; height: 119px;\" \/> <\/a> <div class=\"tiled-gallery-caption\" itemprop=\"caption description\"> Terje Benjamin Johansen blir utsatt for den beryktede d\u00e5psseremonien etter sin f\u00f8rste solotur i Saab 91B Safir p\u00e5 V\u00e6rnes 4. mars 1966. Foto via Terje Benjamin Johansen <\/div> <\/div> <div class=\"tiled-gallery-item tiled-gallery-item-small\" itemprop=\"associatedMedia\" itemscope itemtype=\"http:\/\/schema.org\/ImageObject\"> <a href=\"https:\/\/www.jaermuseet.no\/flyhistorisk\/terje-benjamin-johansen\/jaef252-010\/\" border=\"0\" itemprop=\"url\"> <meta itemprop=\"width\" content=\"184\"> <meta itemprop=\"height\" content=\"185\"> <img decoding=\"async\" class=\"\" data-attachment-id=\"1816\" data-orig-file=\"https:\/\/www.jaermuseet.no\/flyhistorisk\/wp-content\/uploads\/sites\/4\/2020\/06\/J\u00c6F252.010.jpg\" data-orig-size=\"915,922\" data-comments-opened=\"\" data-image-meta=\"{&quot;aperture&quot;:&quot;0&quot;,&quot;credit&quot;:&quot;&quot;,&quot;camera&quot;:&quot;&quot;,&quot;caption&quot;:&quot;&quot;,&quot;created_timestamp&quot;:&quot;0&quot;,&quot;copyright&quot;:&quot;&quot;,&quot;focal_length&quot;:&quot;0&quot;,&quot;iso&quot;:&quot;0&quot;,&quot;shutter_speed&quot;:&quot;0&quot;,&quot;title&quot;:&quot;&quot;,&quot;orientation&quot;:&quot;0&quot;}\" data-image-title=\"J\u00c6F252.010\" data-image-description=\"\" data-medium-file=\"https:\/\/www.jaermuseet.no\/flyhistorisk\/wp-content\/uploads\/sites\/4\/2020\/06\/J\u00c6F252.010-298x300.jpg\" data-large-file=\"https:\/\/www.jaermuseet.no\/flyhistorisk\/wp-content\/uploads\/sites\/4\/2020\/06\/J\u00c6F252.010.jpg\" src=\"https:\/\/i0.wp.com\/www.jaermuseet.no\/flyhistorisk\/wp-content\/uploads\/sites\/4\/2020\/06\/J%C3%86F252.010.jpg?w=184&#038;h=185&#038;ssl=1\" width=\"184\" height=\"185\" loading=\"lazy\" data-original-width=\"184\" data-original-height=\"185\" itemprop=\"http:\/\/schema.org\/image\" title=\"J\u00c6F252.010\" alt=\"Her st\u00e5r Terje Benjamin Johansen i r\u00f8d skjorte sammen med Christion som var hans instrukt\u00f8r p\u00e5 Cessna T-41 like etter ankomsten til USA og Craig Air Force Base i Alabama. Foto via Terje Benjamin Johansen\" style=\"width: 184px; height: 185px;\" \/> <\/a> <div class=\"tiled-gallery-caption\" itemprop=\"caption description\"> Her st\u00e5r Terje Benjamin Johansen i r\u00f8d skjorte sammen med Christion som var hans instrukt\u00f8r p\u00e5 Cessna T-41 like etter ankomsten til USA og Craig Air Force Base i Alabama. Foto via Terje Benjamin Johansen <\/div> <\/div> <\/div> <!-- close group --> <\/div> <!-- close row --> <div class=\"gallery-row\" style=\"width: 500px; height: 123px;\" data-original-width=\"500\" data-original-height=\"123\" > <div class=\"gallery-group images-1\" style=\"width: 124px; height: 123px;\" data-original-width=\"124\" data-original-height=\"123\" > <div class=\"tiled-gallery-item tiled-gallery-item-small\" itemprop=\"associatedMedia\" itemscope itemtype=\"http:\/\/schema.org\/ImageObject\"> <a href=\"https:\/\/www.jaermuseet.no\/flyhistorisk\/terje-benjamin-johansen\/jaef252-016\/\" border=\"0\" itemprop=\"url\"> <meta itemprop=\"width\" content=\"120\"> <meta itemprop=\"height\" content=\"119\"> <img decoding=\"async\" class=\"\" data-attachment-id=\"1817\" data-orig-file=\"https:\/\/www.jaermuseet.no\/flyhistorisk\/wp-content\/uploads\/sites\/4\/2020\/06\/J\u00c6F252.016.jpg\" data-orig-size=\"927,918\" data-comments-opened=\"\" data-image-meta=\"{&quot;aperture&quot;:&quot;0&quot;,&quot;credit&quot;:&quot;&quot;,&quot;camera&quot;:&quot;&quot;,&quot;caption&quot;:&quot;&quot;,&quot;created_timestamp&quot;:&quot;0&quot;,&quot;copyright&quot;:&quot;&quot;,&quot;focal_length&quot;:&quot;0&quot;,&quot;iso&quot;:&quot;0&quot;,&quot;shutter_speed&quot;:&quot;0&quot;,&quot;title&quot;:&quot;&quot;,&quot;orientation&quot;:&quot;0&quot;}\" data-image-title=\"J\u00c6F252.016\" data-image-description=\"\" data-medium-file=\"https:\/\/www.jaermuseet.no\/flyhistorisk\/wp-content\/uploads\/sites\/4\/2020\/06\/J\u00c6F252.016-300x297.jpg\" data-large-file=\"https:\/\/www.jaermuseet.no\/flyhistorisk\/wp-content\/uploads\/sites\/4\/2020\/06\/J\u00c6F252.016.jpg\" src=\"https:\/\/i0.wp.com\/www.jaermuseet.no\/flyhistorisk\/wp-content\/uploads\/sites\/4\/2020\/06\/J%C3%86F252.016.jpg?w=120&#038;h=119&#038;ssl=1\" width=\"120\" height=\"119\" loading=\"lazy\" data-original-width=\"120\" data-original-height=\"119\" itemprop=\"http:\/\/schema.org\/image\" title=\"J\u00c6F252.016\" alt=\"Terje Benjamin Johansen er i ferd med \u00e5 klatre inn i treningsflyet Cessna T-37 Tweet. Foto via Terje Benjamin Johansen\" style=\"width: 120px; height: 119px;\" \/> <\/a> <div class=\"tiled-gallery-caption\" itemprop=\"caption description\"> Terje Benjamin Johansen er i ferd med \u00e5 klatre inn i treningsflyet Cessna T-37 Tweet. Foto via Terje Benjamin Johansen <\/div> <\/div> <\/div> <!-- close group --> <div class=\"gallery-group images-1\" style=\"width: 126px; height: 123px;\" data-original-width=\"126\" data-original-height=\"123\" > <div class=\"tiled-gallery-item tiled-gallery-item-small\" itemprop=\"associatedMedia\" itemscope itemtype=\"http:\/\/schema.org\/ImageObject\"> <a href=\"https:\/\/www.jaermuseet.no\/flyhistorisk\/terje-benjamin-johansen\/jaef252-076\/\" border=\"0\" itemprop=\"url\"> <meta itemprop=\"width\" content=\"122\"> <meta itemprop=\"height\" content=\"119\"> <img decoding=\"async\" class=\"\" data-attachment-id=\"1819\" data-orig-file=\"https:\/\/www.jaermuseet.no\/flyhistorisk\/wp-content\/uploads\/sites\/4\/2020\/06\/J\u00c6F252.076.jpg\" data-orig-size=\"946,927\" data-comments-opened=\"\" data-image-meta=\"{&quot;aperture&quot;:&quot;0&quot;,&quot;credit&quot;:&quot;&quot;,&quot;camera&quot;:&quot;&quot;,&quot;caption&quot;:&quot;&quot;,&quot;created_timestamp&quot;:&quot;0&quot;,&quot;copyright&quot;:&quot;&quot;,&quot;focal_length&quot;:&quot;0&quot;,&quot;iso&quot;:&quot;0&quot;,&quot;shutter_speed&quot;:&quot;0&quot;,&quot;title&quot;:&quot;&quot;,&quot;orientation&quot;:&quot;0&quot;}\" data-image-title=\"J\u00c6F252.076\" data-image-description=\"\" data-medium-file=\"https:\/\/www.jaermuseet.no\/flyhistorisk\/wp-content\/uploads\/sites\/4\/2020\/06\/J\u00c6F252.076-300x294.jpg\" data-large-file=\"https:\/\/www.jaermuseet.no\/flyhistorisk\/wp-content\/uploads\/sites\/4\/2020\/06\/J\u00c6F252.076.jpg\" src=\"https:\/\/i0.wp.com\/www.jaermuseet.no\/flyhistorisk\/wp-content\/uploads\/sites\/4\/2020\/06\/J%C3%86F252.076.jpg?w=122&#038;h=119&#038;ssl=1\" width=\"122\" height=\"119\" loading=\"lazy\" data-original-width=\"122\" data-original-height=\"119\" itemprop=\"http:\/\/schema.org\/image\" title=\"J\u00c6F252.076\" alt=\"Northrop T-38 Talon p\u00e5 vei mot Las Vegas Nellis AFB. Her flyr de over Grand Canyon. Foto: Terje Benjamin Johansen\" style=\"width: 122px; height: 119px;\" \/> <\/a> <div class=\"tiled-gallery-caption\" itemprop=\"caption description\"> Northrop T-38 Talon p\u00e5 vei mot Las Vegas Nellis AFB. Her flyr de over Grand Canyon. Foto: Terje Benjamin Johansen <\/div> <\/div> <\/div> <!-- close group --> <div class=\"gallery-group images-1\" style=\"width: 125px; height: 123px;\" data-original-width=\"125\" data-original-height=\"123\" > <div class=\"tiled-gallery-item tiled-gallery-item-small\" itemprop=\"associatedMedia\" itemscope itemtype=\"http:\/\/schema.org\/ImageObject\"> <a href=\"https:\/\/www.jaermuseet.no\/flyhistorisk\/terje-benjamin-johansen\/jaef252-077\/\" border=\"0\" itemprop=\"url\"> <meta itemprop=\"width\" content=\"121\"> <meta itemprop=\"height\" content=\"119\"> <img decoding=\"async\" class=\"\" data-attachment-id=\"1820\" data-orig-file=\"https:\/\/www.jaermuseet.no\/flyhistorisk\/wp-content\/uploads\/sites\/4\/2020\/06\/J\u00c6F252.077.jpg\" data-orig-size=\"940,926\" data-comments-opened=\"\" data-image-meta=\"{&quot;aperture&quot;:&quot;0&quot;,&quot;credit&quot;:&quot;&quot;,&quot;camera&quot;:&quot;&quot;,&quot;caption&quot;:&quot;&quot;,&quot;created_timestamp&quot;:&quot;0&quot;,&quot;copyright&quot;:&quot;&quot;,&quot;focal_length&quot;:&quot;0&quot;,&quot;iso&quot;:&quot;0&quot;,&quot;shutter_speed&quot;:&quot;0&quot;,&quot;title&quot;:&quot;&quot;,&quot;orientation&quot;:&quot;0&quot;}\" data-image-title=\"J\u00c6F252.077\" data-image-description=\"\" data-medium-file=\"https:\/\/www.jaermuseet.no\/flyhistorisk\/wp-content\/uploads\/sites\/4\/2020\/06\/J\u00c6F252.077-300x296.jpg\" data-large-file=\"https:\/\/www.jaermuseet.no\/flyhistorisk\/wp-content\/uploads\/sites\/4\/2020\/06\/J\u00c6F252.077.jpg\" src=\"https:\/\/i0.wp.com\/www.jaermuseet.no\/flyhistorisk\/wp-content\/uploads\/sites\/4\/2020\/06\/J%C3%86F252.077.jpg?w=121&#038;h=119&#038;ssl=1\" width=\"121\" height=\"119\" loading=\"lazy\" data-original-width=\"121\" data-original-height=\"119\" itemprop=\"http:\/\/schema.org\/image\" title=\"J\u00c6F252.077\" alt=\"Northrop T-38 Talon p\u00e5 vei mot Las Vegas Nellis AFB. Her flyr de over Grand Canyon. Foto: Terje Benjamin Johansen\" style=\"width: 121px; height: 119px;\" \/> <\/a> <div class=\"tiled-gallery-caption\" itemprop=\"caption description\"> Northrop T-38 Talon p\u00e5 vei mot Las Vegas Nellis AFB. Her flyr de over Grand Canyon. Foto: Terje Benjamin Johansen <\/div> <\/div> <\/div> <!-- close group --> <div class=\"gallery-group images-1\" style=\"width: 125px; height: 123px;\" data-original-width=\"125\" data-original-height=\"123\" > <div class=\"tiled-gallery-item tiled-gallery-item-small\" itemprop=\"associatedMedia\" itemscope itemtype=\"http:\/\/schema.org\/ImageObject\"> <a href=\"https:\/\/www.jaermuseet.no\/flyhistorisk\/terje-benjamin-johansen\/jaef252-082\/\" border=\"0\" itemprop=\"url\"> <meta itemprop=\"width\" content=\"121\"> <meta itemprop=\"height\" content=\"119\"> <img decoding=\"async\" class=\"\" data-attachment-id=\"1824\" data-orig-file=\"https:\/\/www.jaermuseet.no\/flyhistorisk\/wp-content\/uploads\/sites\/4\/2020\/06\/J\u00c6F252.082.jpg\" data-orig-size=\"936,926\" data-comments-opened=\"\" data-image-meta=\"{&quot;aperture&quot;:&quot;0&quot;,&quot;credit&quot;:&quot;&quot;,&quot;camera&quot;:&quot;&quot;,&quot;caption&quot;:&quot;&quot;,&quot;created_timestamp&quot;:&quot;0&quot;,&quot;copyright&quot;:&quot;&quot;,&quot;focal_length&quot;:&quot;0&quot;,&quot;iso&quot;:&quot;0&quot;,&quot;shutter_speed&quot;:&quot;0&quot;,&quot;title&quot;:&quot;&quot;,&quot;orientation&quot;:&quot;0&quot;}\" data-image-title=\"J\u00c6F252.082\" data-image-description=\"\" data-medium-file=\"https:\/\/www.jaermuseet.no\/flyhistorisk\/wp-content\/uploads\/sites\/4\/2020\/06\/J\u00c6F252.082-300x297.jpg\" data-large-file=\"https:\/\/www.jaermuseet.no\/flyhistorisk\/wp-content\/uploads\/sites\/4\/2020\/06\/J\u00c6F252.082.jpg\" src=\"https:\/\/i0.wp.com\/www.jaermuseet.no\/flyhistorisk\/wp-content\/uploads\/sites\/4\/2020\/06\/J%C3%86F252.082.jpg?w=121&#038;h=119&#038;ssl=1\" width=\"121\" height=\"119\" loading=\"lazy\" data-original-width=\"121\" data-original-height=\"119\" itemprop=\"http:\/\/schema.org\/image\" title=\"J\u00c6F252.082\" alt=\"Terje Benjamin Johansen utenfor\u2026 ja, det sier seg selv! Foto via Terje Benjamin Johansen\" style=\"width: 121px; height: 119px;\" \/> <\/a> <div class=\"tiled-gallery-caption\" itemprop=\"caption description\"> Terje Benjamin Johansen utenfor\u2026 ja, det sier seg selv! Foto via Terje Benjamin Johansen <\/div> <\/div> <\/div> <!-- close group --> <\/div> <!-- close row --> <\/div>\n","protected":false},"excerpt":{"rendered":"<p>Terje Benjamin Johansen ble f\u00f8dt i 1945 og vokste opp&#8230;<\/p>\n","protected":false},"author":3,"featured_media":1822,"comment_status":"closed","ping_status":"closed","sticky":false,"template":"","format":"standard","meta":{"_acf_changed":false,"_jetpack_memberships_contains_paid_content":false,"footnotes":""},"categories":[27],"tags":[],"class_list":["post-1813","post","type-post","status-publish","format-standard","has-post-thumbnail","hentry","category-minnebanken","featured-image-size-large"],"acf":[],"yoast_head":"<!-- This site is optimized with the Yoast SEO plugin v27.4 - https:\/\/yoast.com\/product\/yoast-seo-wordpress\/ -->\n<title>Terje Benjamin Johansen - Flyhistorisk Museum Sola<\/title>\n<meta name=\"robots\" content=\"index, follow, max-snippet:-1, max-image-preview:large, max-video-preview:-1\" \/>\n<link rel=\"canonical\" href=\"https:\/\/www.jaermuseet.no\/flyhistorisk\/terje-benjamin-johansen\/\" \/>\n<meta property=\"og:locale\" content=\"nn_NO\" \/>\n<meta property=\"og:type\" content=\"article\" \/>\n<meta property=\"og:title\" content=\"Terje Benjamin Johansen - Flyhistorisk Museum Sola\" \/>\n<meta property=\"og:description\" content=\"Terje Benjamin Johansen ble f\u00f8dt i 1945 og vokste opp...\" \/>\n<meta property=\"og:url\" content=\"https:\/\/www.jaermuseet.no\/flyhistorisk\/terje-benjamin-johansen\/\" \/>\n<meta property=\"og:site_name\" content=\"Flyhistorisk Museum Sola\" \/>\n<meta property=\"article:published_time\" content=\"2020-06-17T08:31:59+00:00\" \/>\n<meta property=\"article:modified_time\" content=\"2020-06-17T09:00:50+00:00\" \/>\n<meta property=\"og:image\" content=\"https:\/\/www.jaermuseet.no\/flyhistorisk\/wp-content\/uploads\/sites\/4\/2020\/06\/J\u00c6F252.015-1001x1024.jpg\" \/>\n\t<meta property=\"og:image:width\" content=\"1001\" \/>\n\t<meta property=\"og:image:height\" content=\"1024\" \/>\n\t<meta property=\"og:image:type\" content=\"image\/jpeg\" \/>\n<meta name=\"author\" content=\"Flyhistorisk\" \/>\n<meta name=\"twitter:card\" content=\"summary_large_image\" \/>\n<meta name=\"twitter:label1\" content=\"Written by\" \/>\n\t<meta name=\"twitter:data1\" content=\"Flyhistorisk\" \/>\n\t<meta name=\"twitter:label2\" content=\"Est. reading time\" \/>\n\t<meta name=\"twitter:data2\" content=\"1 minutt\" \/>\n<script type=\"application\/ld+json\" class=\"yoast-schema-graph\">{\"@context\":\"https:\\\/\\\/schema.org\",\"@graph\":[{\"@type\":\"Article\",\"@id\":\"https:\\\/\\\/www.jaermuseet.no\\\/flyhistorisk\\\/terje-benjamin-johansen\\\/#article\",\"isPartOf\":{\"@id\":\"https:\\\/\\\/www.jaermuseet.no\\\/flyhistorisk\\\/terje-benjamin-johansen\\\/\"},\"author\":{\"name\":\"Flyhistorisk\",\"@id\":\"https:\\\/\\\/www.jaermuseet.no\\\/flyhistorisk\\\/#\\\/schema\\\/person\\\/fb7c64a141b10ccbf139c101c1c39297\"},\"headline\":\"Terje Benjamin Johansen\",\"datePublished\":\"2020-06-17T08:31:59+00:00\",\"dateModified\":\"2020-06-17T09:00:50+00:00\",\"mainEntityOfPage\":{\"@id\":\"https:\\\/\\\/www.jaermuseet.no\\\/flyhistorisk\\\/terje-benjamin-johansen\\\/\"},\"wordCount\":286,\"image\":{\"@id\":\"https:\\\/\\\/www.jaermuseet.no\\\/flyhistorisk\\\/terje-benjamin-johansen\\\/#primaryimage\"},\"thumbnailUrl\":\"https:\\\/\\\/www.jaermuseet.no\\\/flyhistorisk\\\/wp-content\\\/uploads\\\/sites\\\/4\\\/2020\\\/06\\\/J\u00c6F252.015.jpg\",\"articleSection\":[\"Minnebanken\"],\"inLanguage\":\"nn-NO\"},{\"@type\":\"WebPage\",\"@id\":\"https:\\\/\\\/www.jaermuseet.no\\\/flyhistorisk\\\/terje-benjamin-johansen\\\/\",\"url\":\"https:\\\/\\\/www.jaermuseet.no\\\/flyhistorisk\\\/terje-benjamin-johansen\\\/\",\"name\":\"Terje Benjamin Johansen - Flyhistorisk Museum Sola\",\"isPartOf\":{\"@id\":\"https:\\\/\\\/www.jaermuseet.no\\\/flyhistorisk\\\/#website\"},\"primaryImageOfPage\":{\"@id\":\"https:\\\/\\\/www.jaermuseet.no\\\/flyhistorisk\\\/terje-benjamin-johansen\\\/#primaryimage\"},\"image\":{\"@id\":\"https:\\\/\\\/www.jaermuseet.no\\\/flyhistorisk\\\/terje-benjamin-johansen\\\/#primaryimage\"},\"thumbnailUrl\":\"https:\\\/\\\/www.jaermuseet.no\\\/flyhistorisk\\\/wp-content\\\/uploads\\\/sites\\\/4\\\/2020\\\/06\\\/J\u00c6F252.015.jpg\",\"datePublished\":\"2020-06-17T08:31:59+00:00\",\"dateModified\":\"2020-06-17T09:00:50+00:00\",\"author\":{\"@id\":\"https:\\\/\\\/www.jaermuseet.no\\\/flyhistorisk\\\/#\\\/schema\\\/person\\\/fb7c64a141b10ccbf139c101c1c39297\"},\"breadcrumb\":{\"@id\":\"https:\\\/\\\/www.jaermuseet.no\\\/flyhistorisk\\\/terje-benjamin-johansen\\\/#breadcrumb\"},\"inLanguage\":\"nn-NO\",\"potentialAction\":[{\"@type\":\"ReadAction\",\"target\":[\"https:\\\/\\\/www.jaermuseet.no\\\/flyhistorisk\\\/terje-benjamin-johansen\\\/\"]}]},{\"@type\":\"ImageObject\",\"inLanguage\":\"nn-NO\",\"@id\":\"https:\\\/\\\/www.jaermuseet.no\\\/flyhistorisk\\\/terje-benjamin-johansen\\\/#primaryimage\",\"url\":\"https:\\\/\\\/www.jaermuseet.no\\\/flyhistorisk\\\/wp-content\\\/uploads\\\/sites\\\/4\\\/2020\\\/06\\\/J\u00c6F252.015.jpg\",\"contentUrl\":\"https:\\\/\\\/www.jaermuseet.no\\\/flyhistorisk\\\/wp-content\\\/uploads\\\/sites\\\/4\\\/2020\\\/06\\\/J\u00c6F252.015.jpg\",\"width\":1807,\"height\":1849},{\"@type\":\"BreadcrumbList\",\"@id\":\"https:\\\/\\\/www.jaermuseet.no\\\/flyhistorisk\\\/terje-benjamin-johansen\\\/#breadcrumb\",\"itemListElement\":[{\"@type\":\"ListItem\",\"position\":1,\"name\":\"Hjem\",\"item\":\"https:\\\/\\\/www.jaermuseet.no\\\/flyhistorisk\\\/\"},{\"@type\":\"ListItem\",\"position\":2,\"name\":\"Terje Benjamin Johansen\"}]},{\"@type\":\"WebSite\",\"@id\":\"https:\\\/\\\/www.jaermuseet.no\\\/flyhistorisk\\\/#website\",\"url\":\"https:\\\/\\\/www.jaermuseet.no\\\/flyhistorisk\\\/\",\"name\":\"Flyhistorisk Museum Sola\",\"description\":\"One of Norway\u2019s largest civil collections of airplanes\",\"potentialAction\":[{\"@type\":\"SearchAction\",\"target\":{\"@type\":\"EntryPoint\",\"urlTemplate\":\"https:\\\/\\\/www.jaermuseet.no\\\/flyhistorisk\\\/?s={search_term_string}\"},\"query-input\":{\"@type\":\"PropertyValueSpecification\",\"valueRequired\":true,\"valueName\":\"search_term_string\"}}],\"inLanguage\":\"nn-NO\"},{\"@type\":\"Person\",\"@id\":\"https:\\\/\\\/www.jaermuseet.no\\\/flyhistorisk\\\/#\\\/schema\\\/person\\\/fb7c64a141b10ccbf139c101c1c39297\",\"name\":\"Flyhistorisk\",\"image\":{\"@type\":\"ImageObject\",\"inLanguage\":\"nn-NO\",\"@id\":\"https:\\\/\\\/secure.gravatar.com\\\/avatar\\\/6a67dd7f87836b69b29b49028b01bea26bbf872caff3451d17e160f5c4c6e156?s=96&d=mm&r=g\",\"url\":\"https:\\\/\\\/secure.gravatar.com\\\/avatar\\\/6a67dd7f87836b69b29b49028b01bea26bbf872caff3451d17e160f5c4c6e156?s=96&d=mm&r=g\",\"contentUrl\":\"https:\\\/\\\/secure.gravatar.com\\\/avatar\\\/6a67dd7f87836b69b29b49028b01bea26bbf872caff3451d17e160f5c4c6e156?s=96&d=mm&r=g\",\"caption\":\"Flyhistorisk\"},\"url\":\"https:\\\/\\\/www.jaermuseet.no\\\/flyhistorisk\\\/author\\\/flyhistorisk\\\/\"}]}<\/script>\n<!-- \/ Yoast SEO plugin. -->","yoast_head_json":{"title":"Terje Benjamin Johansen - Flyhistorisk Museum Sola","robots":{"index":"index","follow":"follow","max-snippet":"max-snippet:-1","max-image-preview":"max-image-preview:large","max-video-preview":"max-video-preview:-1"},"canonical":"https:\/\/www.jaermuseet.no\/flyhistorisk\/terje-benjamin-johansen\/","og_locale":"nn_NO","og_type":"article","og_title":"Terje Benjamin Johansen - Flyhistorisk Museum Sola","og_description":"Terje Benjamin Johansen ble f\u00f8dt i 1945 og vokste opp...","og_url":"https:\/\/www.jaermuseet.no\/flyhistorisk\/terje-benjamin-johansen\/","og_site_name":"Flyhistorisk Museum Sola","article_published_time":"2020-06-17T08:31:59+00:00","article_modified_time":"2020-06-17T09:00:50+00:00","og_image":[{"width":1001,"height":1024,"url":"https:\/\/www.jaermuseet.no\/flyhistorisk\/wp-content\/uploads\/sites\/4\/2020\/06\/J\u00c6F252.015-1001x1024.jpg","type":"image\/jpeg"}],"author":"Flyhistorisk","twitter_card":"summary_large_image","twitter_misc":{"Written by":"Flyhistorisk","Est. reading time":"1 minutt"},"schema":{"@context":"https:\/\/schema.org","@graph":[{"@type":"Article","@id":"https:\/\/www.jaermuseet.no\/flyhistorisk\/terje-benjamin-johansen\/#article","isPartOf":{"@id":"https:\/\/www.jaermuseet.no\/flyhistorisk\/terje-benjamin-johansen\/"},"author":{"name":"Flyhistorisk","@id":"https:\/\/www.jaermuseet.no\/flyhistorisk\/#\/schema\/person\/fb7c64a141b10ccbf139c101c1c39297"},"headline":"Terje Benjamin Johansen","datePublished":"2020-06-17T08:31:59+00:00","dateModified":"2020-06-17T09:00:50+00:00","mainEntityOfPage":{"@id":"https:\/\/www.jaermuseet.no\/flyhistorisk\/terje-benjamin-johansen\/"},"wordCount":286,"image":{"@id":"https:\/\/www.jaermuseet.no\/flyhistorisk\/terje-benjamin-johansen\/#primaryimage"},"thumbnailUrl":"https:\/\/www.jaermuseet.no\/flyhistorisk\/wp-content\/uploads\/sites\/4\/2020\/06\/J\u00c6F252.015.jpg","articleSection":["Minnebanken"],"inLanguage":"nn-NO"},{"@type":"WebPage","@id":"https:\/\/www.jaermuseet.no\/flyhistorisk\/terje-benjamin-johansen\/","url":"https:\/\/www.jaermuseet.no\/flyhistorisk\/terje-benjamin-johansen\/","name":"Terje Benjamin Johansen - Flyhistorisk Museum Sola","isPartOf":{"@id":"https:\/\/www.jaermuseet.no\/flyhistorisk\/#website"},"primaryImageOfPage":{"@id":"https:\/\/www.jaermuseet.no\/flyhistorisk\/terje-benjamin-johansen\/#primaryimage"},"image":{"@id":"https:\/\/www.jaermuseet.no\/flyhistorisk\/terje-benjamin-johansen\/#primaryimage"},"thumbnailUrl":"https:\/\/www.jaermuseet.no\/flyhistorisk\/wp-content\/uploads\/sites\/4\/2020\/06\/J\u00c6F252.015.jpg","datePublished":"2020-06-17T08:31:59+00:00","dateModified":"2020-06-17T09:00:50+00:00","author":{"@id":"https:\/\/www.jaermuseet.no\/flyhistorisk\/#\/schema\/person\/fb7c64a141b10ccbf139c101c1c39297"},"breadcrumb":{"@id":"https:\/\/www.jaermuseet.no\/flyhistorisk\/terje-benjamin-johansen\/#breadcrumb"},"inLanguage":"nn-NO","potentialAction":[{"@type":"ReadAction","target":["https:\/\/www.jaermuseet.no\/flyhistorisk\/terje-benjamin-johansen\/"]}]},{"@type":"ImageObject","inLanguage":"nn-NO","@id":"https:\/\/www.jaermuseet.no\/flyhistorisk\/terje-benjamin-johansen\/#primaryimage","url":"https:\/\/www.jaermuseet.no\/flyhistorisk\/wp-content\/uploads\/sites\/4\/2020\/06\/J\u00c6F252.015.jpg","contentUrl":"https:\/\/www.jaermuseet.no\/flyhistorisk\/wp-content\/uploads\/sites\/4\/2020\/06\/J\u00c6F252.015.jpg","width":1807,"height":1849},{"@type":"BreadcrumbList","@id":"https:\/\/www.jaermuseet.no\/flyhistorisk\/terje-benjamin-johansen\/#breadcrumb","itemListElement":[{"@type":"ListItem","position":1,"name":"Hjem","item":"https:\/\/www.jaermuseet.no\/flyhistorisk\/"},{"@type":"ListItem","position":2,"name":"Terje Benjamin Johansen"}]},{"@type":"WebSite","@id":"https:\/\/www.jaermuseet.no\/flyhistorisk\/#website","url":"https:\/\/www.jaermuseet.no\/flyhistorisk\/","name":"Flyhistorisk Museum Sola","description":"One of Norway\u2019s largest civil collections of airplanes","potentialAction":[{"@type":"SearchAction","target":{"@type":"EntryPoint","urlTemplate":"https:\/\/www.jaermuseet.no\/flyhistorisk\/?s={search_term_string}"},"query-input":{"@type":"PropertyValueSpecification","valueRequired":true,"valueName":"search_term_string"}}],"inLanguage":"nn-NO"},{"@type":"Person","@id":"https:\/\/www.jaermuseet.no\/flyhistorisk\/#\/schema\/person\/fb7c64a141b10ccbf139c101c1c39297","name":"Flyhistorisk","image":{"@type":"ImageObject","inLanguage":"nn-NO","@id":"https:\/\/secure.gravatar.com\/avatar\/6a67dd7f87836b69b29b49028b01bea26bbf872caff3451d17e160f5c4c6e156?s=96&d=mm&r=g","url":"https:\/\/secure.gravatar.com\/avatar\/6a67dd7f87836b69b29b49028b01bea26bbf872caff3451d17e160f5c4c6e156?s=96&d=mm&r=g","contentUrl":"https:\/\/secure.gravatar.com\/avatar\/6a67dd7f87836b69b29b49028b01bea26bbf872caff3451d17e160f5c4c6e156?s=96&d=mm&r=g","caption":"Flyhistorisk"},"url":"https:\/\/www.jaermuseet.no\/flyhistorisk\/author\/flyhistorisk\/"}]}},"cc_featured_image_caption":{"caption_text":"","source_text":"","source_url":""},"jetpack_featured_media_url":"https:\/\/www.jaermuseet.no\/flyhistorisk\/wp-content\/uploads\/sites\/4\/2020\/06\/J\u00c6F252.015.jpg","jetpack_sharing_enabled":true,"_links":{"self":[{"href":"https:\/\/www.jaermuseet.no\/flyhistorisk\/wp-json\/wp\/v2\/posts\/1813","targetHints":{"allow":["GET"]}}],"collection":[{"href":"https:\/\/www.jaermuseet.no\/flyhistorisk\/wp-json\/wp\/v2\/posts"}],"about":[{"href":"https:\/\/www.jaermuseet.no\/flyhistorisk\/wp-json\/wp\/v2\/types\/post"}],"author":[{"embeddable":true,"href":"https:\/\/www.jaermuseet.no\/flyhistorisk\/wp-json\/wp\/v2\/users\/3"}],"replies":[{"embeddable":true,"href":"https:\/\/www.jaermuseet.no\/flyhistorisk\/wp-json\/wp\/v2\/comments?post=1813"}],"version-history":[{"count":2,"href":"https:\/\/www.jaermuseet.no\/flyhistorisk\/wp-json\/wp\/v2\/posts\/1813\/revisions"}],"predecessor-version":[{"id":1825,"href":"https:\/\/www.jaermuseet.no\/flyhistorisk\/wp-json\/wp\/v2\/posts\/1813\/revisions\/1825"}],"wp:featuredmedia":[{"embeddable":true,"href":"https:\/\/www.jaermuseet.no\/flyhistorisk\/wp-json\/wp\/v2\/media\/1822"}],"wp:attachment":[{"href":"https:\/\/www.jaermuseet.no\/flyhistorisk\/wp-json\/wp\/v2\/media?parent=1813"}],"wp:term":[{"taxonomy":"category","embeddable":true,"href":"https:\/\/www.jaermuseet.no\/flyhistorisk\/wp-json\/wp\/v2\/categories?post=1813"},{"taxonomy":"post_tag","embeddable":true,"href":"https:\/\/www.jaermuseet.no\/flyhistorisk\/wp-json\/wp\/v2\/tags?post=1813"}],"curies":[{"name":"wp","href":"https:\/\/api.w.org\/{rel}","templated":true}]}}