{"id":1713,"date":"2020-04-14T12:49:38","date_gmt":"2020-04-14T10:49:38","guid":{"rendered":"https:\/\/www.jaermuseet.no\/flyhistorisk\/?p=1713"},"modified":"2024-04-15T14:34:43","modified_gmt":"2024-04-15T12:34:43","slug":"odd-gilboe","status":"publish","type":"post","link":"https:\/\/www.jaermuseet.no\/flyhistorisk\/odd-gilboe\/","title":{"rendered":"Odd Gilboe"},"content":{"rendered":"<p>Odd Gilboe ble f\u00f8dt i Trondheim i juni 1940 og ble tidlig lidenskapelig interessert i alt som hadde med fly \u00e5 gj\u00f8re. Etter \u00e5 ha fullf\u00f8rt realskolen var det f\u00f8rste han gjorde \u00e5 s\u00f8ke p\u00e5 Flyskolen. Ting gikk unna og Odd ble kalt inn til opptakspr\u00f8ver like etter at han hadde fylt 18 \u00e5r. Deretter gikk veien videre til V\u00e6rnes hvor han bestod alle pr\u00f8velser og ble plukket ut for \u00e5 starte flygerutdanningen i Canada.<\/p>\n<p>Etter en viss venteperiode p\u00e5 ledig kapasitet ved flyskolene i Canada, ble han sendt over Atlanteren til Centralia utenfor London Ontario for \u00e5 starte utdanningen i mai 1959. P\u00e5 Centralia gjennomf\u00f8rte han blant annet spr\u00e5kskole og i underkant av 25 timer p\u00e5 Chpmounk.\u00a0 Deretter fulgte element\u00e6r trening p\u00e5 Pennhold og avansert trening Portage la Prairieog.<\/p>\n<p>Etter at Odd fikk vingen sin i september 1960 var han og tre norske klassekameratene s\u00e5 heldige at de ble sendt til USA for \u00e5 gjennomf\u00f8re skyte\/v\u00e5penskole p\u00e5 Luke Air Force Base utenfor Phenix Arizona. F\u00f8rst p\u00e5 T-33 deretter F-86F Sabre. Her var det i tillegg anledning til instrument-trening p\u00e5 T-33 i helgene p\u00e5 frivillig basis. Perioden i USA ble et h\u00f8ydepunkt i utdannelsen.<\/p>\n<p>Etter to \u00e5rs utdanning i Canada og USA gikk veien tilbake til Norge i mai 1961. Han og de tre klassekompisene ble deretter beordret til 331 skvadron hvor de begynte \u00e5 fly F-86F Sabre fra Bod\u00f8 i juli 1961. Her minnes han spesielt den h\u00f8ye beredskapen og planleggingen av oppdrag i forbindelse med cubakrisen i 1962. Deretter var hverdagen ved 331 skvadron preget av stor rullering og utbytting av mannskaper ettersom det hadde blitt bestemt at skvadronene v\u00e5ren 1963 skulle bli den eneste norske avdelingen oppsatt med F-104G Starfighter.<\/p>\n<p>Av ulike grunner tok det ikke lang tid f\u00f8r Odd var den eneste fra sitt kull som var igjen ved 331 skvadron. Med dette fikk Odd \u00e6ren av \u00e5 v\u00e6re blant de 13 f\u00f8rste flygerne i Luftforsvaret til \u00e5 fly Starfighteren. Etter teknisk kurs med amerikanske instrukt\u00f8rer og en periode p\u00e5 V\u00e6rnes med l\u00e5nte F-86F for flytrening, mottok 331 skvadron sine f\u00f8rste F-104G og utsjekk av flygere startet opp i august. Grunnet forsinket leveranse av toseters-fly, foregikk utsjekk p\u00e5 enseters fly ved hjelp av en erfaren amerikansk instrukt\u00f8r i et f\u00f8lge-fly. En avgjort spennende periode.<\/p>\n<p>Fra august 1963 frem til han gikk ut av Luftforsvaret til fordel for en flygerjobb i SAS i september 1966 fl\u00f8y Odd i 331 skvadron. Gjennom hans tre \u00e5r med Starfighteren i 331 skvadron, ble flytypen benyttet som en multi-rolle-jager. Dette st\u00e5r i sterk kontrast til den rendyrkede avskj\u00e6ringsrollen Starfighteren ble \u00f8remerket til like etter at Odd forlot 331 skvadron og Luftforsvaret..<\/p>\n<p>Odd Gilboe ble intervjuet av Sondre B. Hvam (konservator nmf og ph.d-stipendiat ansatt i J\u00e6rmuseet) 5. mars 2020.<\/p>\n<div class=\"tiled-gallery type-rectangular tiled-gallery-unresized\" data-original-width=\"500\" data-carousel-extra='null' itemscope itemtype=\"http:\/\/schema.org\/ImageGallery\" > <div class=\"gallery-row\" style=\"width: 500px; height: 344px;\" data-original-width=\"500\" data-original-height=\"344\" > <div class=\"gallery-group images-1\" style=\"width: 259px; height: 344px;\" data-original-width=\"259\" data-original-height=\"344\" > <div class=\"tiled-gallery-item tiled-gallery-item-large\" itemprop=\"associatedMedia\" itemscope itemtype=\"http:\/\/schema.org\/ImageObject\"> <a href=\"https:\/\/www.jaermuseet.no\/flyhistorisk\/odd-gilboe\/jaef243-001\/\" border=\"0\" itemprop=\"url\"> <meta itemprop=\"width\" content=\"255\"> <meta itemprop=\"height\" content=\"340\"> <img decoding=\"async\" class=\"\" data-attachment-id=\"1714\" data-orig-file=\"https:\/\/www.jaermuseet.no\/flyhistorisk\/wp-content\/uploads\/sites\/4\/2020\/04\/J\u00c6F243.001.jpg\" data-orig-size=\"768,1024\" data-comments-opened=\"\" data-image-meta=\"{&quot;aperture&quot;:&quot;0&quot;,&quot;credit&quot;:&quot;&quot;,&quot;camera&quot;:&quot;&quot;,&quot;caption&quot;:&quot;&quot;,&quot;created_timestamp&quot;:&quot;0&quot;,&quot;copyright&quot;:&quot;&quot;,&quot;focal_length&quot;:&quot;0&quot;,&quot;iso&quot;:&quot;0&quot;,&quot;shutter_speed&quot;:&quot;0&quot;,&quot;title&quot;:&quot;&quot;,&quot;orientation&quot;:&quot;0&quot;}\" data-image-title=\"J\u00c6F243.001\" data-image-description=\"\" data-medium-file=\"https:\/\/www.jaermuseet.no\/flyhistorisk\/wp-content\/uploads\/sites\/4\/2020\/04\/J\u00c6F243.001-225x300.jpg\" data-large-file=\"https:\/\/www.jaermuseet.no\/flyhistorisk\/wp-content\/uploads\/sites\/4\/2020\/04\/J\u00c6F243.001.jpg\" src=\"https:\/\/i0.wp.com\/www.jaermuseet.no\/flyhistorisk\/wp-content\/uploads\/sites\/4\/2020\/04\/J%C3%86F243.001.jpg?w=255&#038;h=340&#038;ssl=1\" width=\"255\" height=\"340\" loading=\"lazy\" data-original-width=\"255\" data-original-height=\"340\" itemprop=\"http:\/\/schema.org\/image\" title=\"J\u00c6F243.001\" alt=\"Odd Gilboe i cockpiten p\u00e5 en F-104G Starfighter fra 331 skvadron. Dette er et bilde og en positur de fleste Starfighter-flygere kjenner seg igjen i. Foto via Odd Gilboe\" style=\"width: 255px; height: 340px;\" \/> <\/a> <div class=\"tiled-gallery-caption\" itemprop=\"caption description\"> Odd Gilboe i cockpiten p\u00e5 en F-104G Starfighter fra 331 skvadron. Dette er et bilde og en positur de fleste Starfighter-flygere kjenner seg igjen i. Foto via Odd Gilboe <\/div> <\/div> <\/div> <!-- close group --> <div class=\"gallery-group images-2\" style=\"width: 241px; height: 344px;\" data-original-width=\"241\" data-original-height=\"344\" > <div class=\"tiled-gallery-item tiled-gallery-item-small\" itemprop=\"associatedMedia\" itemscope itemtype=\"http:\/\/schema.org\/ImageObject\"> <a href=\"https:\/\/www.jaermuseet.no\/flyhistorisk\/odd-gilboe\/jaef243-002\/\" border=\"0\" itemprop=\"url\"> <meta itemprop=\"width\" content=\"237\"> <meta itemprop=\"height\" content=\"158\"> <img decoding=\"async\" class=\"\" data-attachment-id=\"1715\" data-orig-file=\"https:\/\/www.jaermuseet.no\/flyhistorisk\/wp-content\/uploads\/sites\/4\/2020\/04\/J\u00c6F243.002.jpg\" data-orig-size=\"800,534\" data-comments-opened=\"\" data-image-meta=\"{&quot;aperture&quot;:&quot;0&quot;,&quot;credit&quot;:&quot;&quot;,&quot;camera&quot;:&quot;&quot;,&quot;caption&quot;:&quot;&quot;,&quot;created_timestamp&quot;:&quot;0&quot;,&quot;copyright&quot;:&quot;&quot;,&quot;focal_length&quot;:&quot;0&quot;,&quot;iso&quot;:&quot;0&quot;,&quot;shutter_speed&quot;:&quot;0&quot;,&quot;title&quot;:&quot;&quot;,&quot;orientation&quot;:&quot;1&quot;}\" data-image-title=\"J\u00c6F243.002\" data-image-description=\"\" data-medium-file=\"https:\/\/www.jaermuseet.no\/flyhistorisk\/wp-content\/uploads\/sites\/4\/2020\/04\/J\u00c6F243.002-300x200.jpg\" data-large-file=\"https:\/\/www.jaermuseet.no\/flyhistorisk\/wp-content\/uploads\/sites\/4\/2020\/04\/J\u00c6F243.002.jpg\" src=\"https:\/\/i0.wp.com\/www.jaermuseet.no\/flyhistorisk\/wp-content\/uploads\/sites\/4\/2020\/04\/J%C3%86F243.002.jpg?w=237&#038;h=158&#038;ssl=1\" width=\"237\" height=\"158\" loading=\"lazy\" data-original-width=\"237\" data-original-height=\"158\" itemprop=\"http:\/\/schema.org\/image\" title=\"J\u00c6F243.002\" alt=\"331 skvadrons 25 \u00e5rsjubileum i 1966. Fra venstre ser vi l\u00f8ytnant Odd Gilboe, kaptein O. Knutsen og skvadronssjef major M. S\u00f8rensen. Foto via Odd Gilboe\" style=\"width: 237px; height: 158px;\" \/> <\/a> <div class=\"tiled-gallery-caption\" itemprop=\"caption description\"> 331 skvadrons 25 \u00e5rsjubileum i 1966. Fra venstre ser vi l\u00f8ytnant Odd Gilboe, kaptein O. Knutsen og skvadronssjef major M. S\u00f8rensen. Foto via Odd Gilboe <\/div> <\/div> <div class=\"tiled-gallery-item tiled-gallery-item-small\" itemprop=\"associatedMedia\" itemscope itemtype=\"http:\/\/schema.org\/ImageObject\"> <a href=\"https:\/\/www.jaermuseet.no\/flyhistorisk\/odd-gilboe\/jaef243-003\/\" border=\"0\" itemprop=\"url\"> <meta itemprop=\"width\" content=\"237\"> <meta itemprop=\"height\" content=\"178\"> <img decoding=\"async\" class=\"\" data-attachment-id=\"1716\" data-orig-file=\"https:\/\/www.jaermuseet.no\/flyhistorisk\/wp-content\/uploads\/sites\/4\/2020\/04\/J\u00c6F243.003-scaled.jpg\" data-orig-size=\"2560,1920\" data-comments-opened=\"\" data-image-meta=\"{&quot;aperture&quot;:&quot;1.7&quot;,&quot;credit&quot;:&quot;&quot;,&quot;camera&quot;:&quot;SM-G930F&quot;,&quot;caption&quot;:&quot;&quot;,&quot;created_timestamp&quot;:&quot;1583402176&quot;,&quot;copyright&quot;:&quot;&quot;,&quot;focal_length&quot;:&quot;4.2&quot;,&quot;iso&quot;:&quot;250&quot;,&quot;shutter_speed&quot;:&quot;0.071428571428571&quot;,&quot;title&quot;:&quot;&quot;,&quot;orientation&quot;:&quot;1&quot;}\" data-image-title=\"J\u00c6F243.003\" data-image-description=\"\" data-medium-file=\"https:\/\/www.jaermuseet.no\/flyhistorisk\/wp-content\/uploads\/sites\/4\/2020\/04\/J\u00c6F243.003-300x225.jpg\" data-large-file=\"https:\/\/www.jaermuseet.no\/flyhistorisk\/wp-content\/uploads\/sites\/4\/2020\/04\/J\u00c6F243.003-1024x768.jpg\" src=\"https:\/\/i0.wp.com\/www.jaermuseet.no\/flyhistorisk\/wp-content\/uploads\/sites\/4\/2020\/04\/J%C3%86F243.003-scaled.jpg?w=237&#038;h=178&#038;ssl=1\" width=\"237\" height=\"178\" loading=\"lazy\" data-original-width=\"237\" data-original-height=\"178\" itemprop=\"http:\/\/schema.org\/image\" title=\"J\u00c6F243.003\" alt=\"Odd Gilboe hjemme hos seg selv i Dr\u00f8bak 5. mars 2020. Han er fremdeles en ivrig modellflyflyger. Foto: Sondre B. Hvam\" style=\"width: 237px; height: 178px;\" \/> <\/a> <div class=\"tiled-gallery-caption\" itemprop=\"caption description\"> Odd Gilboe hjemme hos seg selv i Dr\u00f8bak 5. mars 2020. Han er fremdeles en ivrig modellflyflyger. Foto: Sondre B. Hvam <\/div> <\/div> <\/div> <!-- close group --> <\/div> <!-- close row --> <\/div>\n","protected":false},"excerpt":{"rendered":"<p>Odd Gilboe ble f\u00f8dt i Trondheim i juni 1940 og&#8230;<\/p>\n","protected":false},"author":3,"featured_media":1717,"comment_status":"closed","ping_status":"closed","sticky":false,"template":"","format":"standard","meta":{"_acf_changed":false,"_jetpack_memberships_contains_paid_content":false,"footnotes":""},"categories":[27],"tags":[],"class_list":["post-1713","post","type-post","status-publish","format-standard","has-post-thumbnail","hentry","category-minnebanken","featured-image-size-large"],"acf":[],"yoast_head":"<!-- This site is optimized with the Yoast SEO plugin v27.4 - https:\/\/yoast.com\/product\/yoast-seo-wordpress\/ -->\n<title>Odd Gilboe - Flyhistorisk Museum Sola<\/title>\n<meta name=\"robots\" content=\"index, follow, max-snippet:-1, max-image-preview:large, max-video-preview:-1\" \/>\n<link rel=\"canonical\" href=\"https:\/\/www.jaermuseet.no\/flyhistorisk\/odd-gilboe\/\" \/>\n<meta property=\"og:locale\" content=\"nn_NO\" \/>\n<meta property=\"og:type\" content=\"article\" \/>\n<meta property=\"og:title\" content=\"Odd Gilboe - Flyhistorisk Museum Sola\" \/>\n<meta property=\"og:description\" content=\"Odd Gilboe ble f\u00f8dt i Trondheim i juni 1940 og...\" \/>\n<meta property=\"og:url\" content=\"https:\/\/www.jaermuseet.no\/flyhistorisk\/odd-gilboe\/\" \/>\n<meta property=\"og:site_name\" content=\"Flyhistorisk Museum Sola\" \/>\n<meta property=\"article:published_time\" content=\"2020-04-14T10:49:38+00:00\" \/>\n<meta property=\"article:modified_time\" content=\"2024-04-15T12:34:43+00:00\" \/>\n<meta property=\"og:image\" content=\"https:\/\/www.jaermuseet.no\/flyhistorisk\/wp-content\/uploads\/sites\/4\/2020\/04\/J\u00c6F243.001-1.jpg\" \/>\n\t<meta property=\"og:image:width\" content=\"761\" \/>\n\t<meta property=\"og:image:height\" content=\"508\" \/>\n\t<meta property=\"og:image:type\" content=\"image\/jpeg\" \/>\n<meta name=\"author\" content=\"Flyhistorisk\" \/>\n<meta name=\"twitter:card\" content=\"summary_large_image\" \/>\n<meta name=\"twitter:label1\" content=\"Written by\" \/>\n\t<meta name=\"twitter:data1\" content=\"Flyhistorisk\" \/>\n\t<meta name=\"twitter:label2\" content=\"Est. reading time\" \/>\n\t<meta name=\"twitter:data2\" content=\"3 minutt\" \/>\n<script type=\"application\/ld+json\" class=\"yoast-schema-graph\">{\"@context\":\"https:\\\/\\\/schema.org\",\"@graph\":[{\"@type\":\"Article\",\"@id\":\"https:\\\/\\\/www.jaermuseet.no\\\/flyhistorisk\\\/odd-gilboe\\\/#article\",\"isPartOf\":{\"@id\":\"https:\\\/\\\/www.jaermuseet.no\\\/flyhistorisk\\\/odd-gilboe\\\/\"},\"author\":{\"name\":\"Flyhistorisk\",\"@id\":\"https:\\\/\\\/www.jaermuseet.no\\\/flyhistorisk\\\/#\\\/schema\\\/person\\\/fb7c64a141b10ccbf139c101c1c39297\"},\"headline\":\"Odd Gilboe\",\"datePublished\":\"2020-04-14T10:49:38+00:00\",\"dateModified\":\"2024-04-15T12:34:43+00:00\",\"mainEntityOfPage\":{\"@id\":\"https:\\\/\\\/www.jaermuseet.no\\\/flyhistorisk\\\/odd-gilboe\\\/\"},\"wordCount\":471,\"image\":{\"@id\":\"https:\\\/\\\/www.jaermuseet.no\\\/flyhistorisk\\\/odd-gilboe\\\/#primaryimage\"},\"thumbnailUrl\":\"https:\\\/\\\/www.jaermuseet.no\\\/flyhistorisk\\\/wp-content\\\/uploads\\\/sites\\\/4\\\/2020\\\/04\\\/J\u00c6F243.001-1.jpg\",\"articleSection\":[\"Minnebanken\"],\"inLanguage\":\"nn-NO\"},{\"@type\":\"WebPage\",\"@id\":\"https:\\\/\\\/www.jaermuseet.no\\\/flyhistorisk\\\/odd-gilboe\\\/\",\"url\":\"https:\\\/\\\/www.jaermuseet.no\\\/flyhistorisk\\\/odd-gilboe\\\/\",\"name\":\"Odd Gilboe - Flyhistorisk Museum Sola\",\"isPartOf\":{\"@id\":\"https:\\\/\\\/www.jaermuseet.no\\\/flyhistorisk\\\/#website\"},\"primaryImageOfPage\":{\"@id\":\"https:\\\/\\\/www.jaermuseet.no\\\/flyhistorisk\\\/odd-gilboe\\\/#primaryimage\"},\"image\":{\"@id\":\"https:\\\/\\\/www.jaermuseet.no\\\/flyhistorisk\\\/odd-gilboe\\\/#primaryimage\"},\"thumbnailUrl\":\"https:\\\/\\\/www.jaermuseet.no\\\/flyhistorisk\\\/wp-content\\\/uploads\\\/sites\\\/4\\\/2020\\\/04\\\/J\u00c6F243.001-1.jpg\",\"datePublished\":\"2020-04-14T10:49:38+00:00\",\"dateModified\":\"2024-04-15T12:34:43+00:00\",\"author\":{\"@id\":\"https:\\\/\\\/www.jaermuseet.no\\\/flyhistorisk\\\/#\\\/schema\\\/person\\\/fb7c64a141b10ccbf139c101c1c39297\"},\"breadcrumb\":{\"@id\":\"https:\\\/\\\/www.jaermuseet.no\\\/flyhistorisk\\\/odd-gilboe\\\/#breadcrumb\"},\"inLanguage\":\"nn-NO\",\"potentialAction\":[{\"@type\":\"ReadAction\",\"target\":[\"https:\\\/\\\/www.jaermuseet.no\\\/flyhistorisk\\\/odd-gilboe\\\/\"]}]},{\"@type\":\"ImageObject\",\"inLanguage\":\"nn-NO\",\"@id\":\"https:\\\/\\\/www.jaermuseet.no\\\/flyhistorisk\\\/odd-gilboe\\\/#primaryimage\",\"url\":\"https:\\\/\\\/www.jaermuseet.no\\\/flyhistorisk\\\/wp-content\\\/uploads\\\/sites\\\/4\\\/2020\\\/04\\\/J\u00c6F243.001-1.jpg\",\"contentUrl\":\"https:\\\/\\\/www.jaermuseet.no\\\/flyhistorisk\\\/wp-content\\\/uploads\\\/sites\\\/4\\\/2020\\\/04\\\/J\u00c6F243.001-1.jpg\",\"width\":761,\"height\":508},{\"@type\":\"BreadcrumbList\",\"@id\":\"https:\\\/\\\/www.jaermuseet.no\\\/flyhistorisk\\\/odd-gilboe\\\/#breadcrumb\",\"itemListElement\":[{\"@type\":\"ListItem\",\"position\":1,\"name\":\"Hjem\",\"item\":\"https:\\\/\\\/www.jaermuseet.no\\\/flyhistorisk\\\/\"},{\"@type\":\"ListItem\",\"position\":2,\"name\":\"Odd Gilboe\"}]},{\"@type\":\"WebSite\",\"@id\":\"https:\\\/\\\/www.jaermuseet.no\\\/flyhistorisk\\\/#website\",\"url\":\"https:\\\/\\\/www.jaermuseet.no\\\/flyhistorisk\\\/\",\"name\":\"Flyhistorisk Museum Sola\",\"description\":\"One of Norway\u2019s largest civil collections of airplanes\",\"potentialAction\":[{\"@type\":\"SearchAction\",\"target\":{\"@type\":\"EntryPoint\",\"urlTemplate\":\"https:\\\/\\\/www.jaermuseet.no\\\/flyhistorisk\\\/?s={search_term_string}\"},\"query-input\":{\"@type\":\"PropertyValueSpecification\",\"valueRequired\":true,\"valueName\":\"search_term_string\"}}],\"inLanguage\":\"nn-NO\"},{\"@type\":\"Person\",\"@id\":\"https:\\\/\\\/www.jaermuseet.no\\\/flyhistorisk\\\/#\\\/schema\\\/person\\\/fb7c64a141b10ccbf139c101c1c39297\",\"name\":\"Flyhistorisk\",\"image\":{\"@type\":\"ImageObject\",\"inLanguage\":\"nn-NO\",\"@id\":\"https:\\\/\\\/secure.gravatar.com\\\/avatar\\\/6a67dd7f87836b69b29b49028b01bea26bbf872caff3451d17e160f5c4c6e156?s=96&d=mm&r=g\",\"url\":\"https:\\\/\\\/secure.gravatar.com\\\/avatar\\\/6a67dd7f87836b69b29b49028b01bea26bbf872caff3451d17e160f5c4c6e156?s=96&d=mm&r=g\",\"contentUrl\":\"https:\\\/\\\/secure.gravatar.com\\\/avatar\\\/6a67dd7f87836b69b29b49028b01bea26bbf872caff3451d17e160f5c4c6e156?s=96&d=mm&r=g\",\"caption\":\"Flyhistorisk\"},\"url\":\"https:\\\/\\\/www.jaermuseet.no\\\/flyhistorisk\\\/author\\\/flyhistorisk\\\/\"}]}<\/script>\n<!-- \/ Yoast SEO plugin. -->","yoast_head_json":{"title":"Odd Gilboe - Flyhistorisk Museum Sola","robots":{"index":"index","follow":"follow","max-snippet":"max-snippet:-1","max-image-preview":"max-image-preview:large","max-video-preview":"max-video-preview:-1"},"canonical":"https:\/\/www.jaermuseet.no\/flyhistorisk\/odd-gilboe\/","og_locale":"nn_NO","og_type":"article","og_title":"Odd Gilboe - Flyhistorisk Museum Sola","og_description":"Odd Gilboe ble f\u00f8dt i Trondheim i juni 1940 og...","og_url":"https:\/\/www.jaermuseet.no\/flyhistorisk\/odd-gilboe\/","og_site_name":"Flyhistorisk Museum Sola","article_published_time":"2020-04-14T10:49:38+00:00","article_modified_time":"2024-04-15T12:34:43+00:00","og_image":[{"width":761,"height":508,"url":"https:\/\/www.jaermuseet.no\/flyhistorisk\/wp-content\/uploads\/sites\/4\/2020\/04\/J\u00c6F243.001-1.jpg","type":"image\/jpeg"}],"author":"Flyhistorisk","twitter_card":"summary_large_image","twitter_misc":{"Written by":"Flyhistorisk","Est. reading time":"3 minutt"},"schema":{"@context":"https:\/\/schema.org","@graph":[{"@type":"Article","@id":"https:\/\/www.jaermuseet.no\/flyhistorisk\/odd-gilboe\/#article","isPartOf":{"@id":"https:\/\/www.jaermuseet.no\/flyhistorisk\/odd-gilboe\/"},"author":{"name":"Flyhistorisk","@id":"https:\/\/www.jaermuseet.no\/flyhistorisk\/#\/schema\/person\/fb7c64a141b10ccbf139c101c1c39297"},"headline":"Odd Gilboe","datePublished":"2020-04-14T10:49:38+00:00","dateModified":"2024-04-15T12:34:43+00:00","mainEntityOfPage":{"@id":"https:\/\/www.jaermuseet.no\/flyhistorisk\/odd-gilboe\/"},"wordCount":471,"image":{"@id":"https:\/\/www.jaermuseet.no\/flyhistorisk\/odd-gilboe\/#primaryimage"},"thumbnailUrl":"https:\/\/www.jaermuseet.no\/flyhistorisk\/wp-content\/uploads\/sites\/4\/2020\/04\/J\u00c6F243.001-1.jpg","articleSection":["Minnebanken"],"inLanguage":"nn-NO"},{"@type":"WebPage","@id":"https:\/\/www.jaermuseet.no\/flyhistorisk\/odd-gilboe\/","url":"https:\/\/www.jaermuseet.no\/flyhistorisk\/odd-gilboe\/","name":"Odd Gilboe - Flyhistorisk Museum Sola","isPartOf":{"@id":"https:\/\/www.jaermuseet.no\/flyhistorisk\/#website"},"primaryImageOfPage":{"@id":"https:\/\/www.jaermuseet.no\/flyhistorisk\/odd-gilboe\/#primaryimage"},"image":{"@id":"https:\/\/www.jaermuseet.no\/flyhistorisk\/odd-gilboe\/#primaryimage"},"thumbnailUrl":"https:\/\/www.jaermuseet.no\/flyhistorisk\/wp-content\/uploads\/sites\/4\/2020\/04\/J\u00c6F243.001-1.jpg","datePublished":"2020-04-14T10:49:38+00:00","dateModified":"2024-04-15T12:34:43+00:00","author":{"@id":"https:\/\/www.jaermuseet.no\/flyhistorisk\/#\/schema\/person\/fb7c64a141b10ccbf139c101c1c39297"},"breadcrumb":{"@id":"https:\/\/www.jaermuseet.no\/flyhistorisk\/odd-gilboe\/#breadcrumb"},"inLanguage":"nn-NO","potentialAction":[{"@type":"ReadAction","target":["https:\/\/www.jaermuseet.no\/flyhistorisk\/odd-gilboe\/"]}]},{"@type":"ImageObject","inLanguage":"nn-NO","@id":"https:\/\/www.jaermuseet.no\/flyhistorisk\/odd-gilboe\/#primaryimage","url":"https:\/\/www.jaermuseet.no\/flyhistorisk\/wp-content\/uploads\/sites\/4\/2020\/04\/J\u00c6F243.001-1.jpg","contentUrl":"https:\/\/www.jaermuseet.no\/flyhistorisk\/wp-content\/uploads\/sites\/4\/2020\/04\/J\u00c6F243.001-1.jpg","width":761,"height":508},{"@type":"BreadcrumbList","@id":"https:\/\/www.jaermuseet.no\/flyhistorisk\/odd-gilboe\/#breadcrumb","itemListElement":[{"@type":"ListItem","position":1,"name":"Hjem","item":"https:\/\/www.jaermuseet.no\/flyhistorisk\/"},{"@type":"ListItem","position":2,"name":"Odd Gilboe"}]},{"@type":"WebSite","@id":"https:\/\/www.jaermuseet.no\/flyhistorisk\/#website","url":"https:\/\/www.jaermuseet.no\/flyhistorisk\/","name":"Flyhistorisk Museum Sola","description":"One of Norway\u2019s largest civil collections of airplanes","potentialAction":[{"@type":"SearchAction","target":{"@type":"EntryPoint","urlTemplate":"https:\/\/www.jaermuseet.no\/flyhistorisk\/?s={search_term_string}"},"query-input":{"@type":"PropertyValueSpecification","valueRequired":true,"valueName":"search_term_string"}}],"inLanguage":"nn-NO"},{"@type":"Person","@id":"https:\/\/www.jaermuseet.no\/flyhistorisk\/#\/schema\/person\/fb7c64a141b10ccbf139c101c1c39297","name":"Flyhistorisk","image":{"@type":"ImageObject","inLanguage":"nn-NO","@id":"https:\/\/secure.gravatar.com\/avatar\/6a67dd7f87836b69b29b49028b01bea26bbf872caff3451d17e160f5c4c6e156?s=96&d=mm&r=g","url":"https:\/\/secure.gravatar.com\/avatar\/6a67dd7f87836b69b29b49028b01bea26bbf872caff3451d17e160f5c4c6e156?s=96&d=mm&r=g","contentUrl":"https:\/\/secure.gravatar.com\/avatar\/6a67dd7f87836b69b29b49028b01bea26bbf872caff3451d17e160f5c4c6e156?s=96&d=mm&r=g","caption":"Flyhistorisk"},"url":"https:\/\/www.jaermuseet.no\/flyhistorisk\/author\/flyhistorisk\/"}]}},"cc_featured_image_caption":{"caption_text":"","source_text":"","source_url":""},"jetpack_featured_media_url":"https:\/\/www.jaermuseet.no\/flyhistorisk\/wp-content\/uploads\/sites\/4\/2020\/04\/J\u00c6F243.001-1.jpg","jetpack_sharing_enabled":true,"_links":{"self":[{"href":"https:\/\/www.jaermuseet.no\/flyhistorisk\/wp-json\/wp\/v2\/posts\/1713","targetHints":{"allow":["GET"]}}],"collection":[{"href":"https:\/\/www.jaermuseet.no\/flyhistorisk\/wp-json\/wp\/v2\/posts"}],"about":[{"href":"https:\/\/www.jaermuseet.no\/flyhistorisk\/wp-json\/wp\/v2\/types\/post"}],"author":[{"embeddable":true,"href":"https:\/\/www.jaermuseet.no\/flyhistorisk\/wp-json\/wp\/v2\/users\/3"}],"replies":[{"embeddable":true,"href":"https:\/\/www.jaermuseet.no\/flyhistorisk\/wp-json\/wp\/v2\/comments?post=1713"}],"version-history":[{"count":3,"href":"https:\/\/www.jaermuseet.no\/flyhistorisk\/wp-json\/wp\/v2\/posts\/1713\/revisions"}],"predecessor-version":[{"id":2394,"href":"https:\/\/www.jaermuseet.no\/flyhistorisk\/wp-json\/wp\/v2\/posts\/1713\/revisions\/2394"}],"wp:featuredmedia":[{"embeddable":true,"href":"https:\/\/www.jaermuseet.no\/flyhistorisk\/wp-json\/wp\/v2\/media\/1717"}],"wp:attachment":[{"href":"https:\/\/www.jaermuseet.no\/flyhistorisk\/wp-json\/wp\/v2\/media?parent=1713"}],"wp:term":[{"taxonomy":"category","embeddable":true,"href":"https:\/\/www.jaermuseet.no\/flyhistorisk\/wp-json\/wp\/v2\/categories?post=1713"},{"taxonomy":"post_tag","embeddable":true,"href":"https:\/\/www.jaermuseet.no\/flyhistorisk\/wp-json\/wp\/v2\/tags?post=1713"}],"curies":[{"name":"wp","href":"https:\/\/api.w.org\/{rel}","templated":true}]}}