{"id":1466,"date":"2020-01-10T14:22:54","date_gmt":"2020-01-10T12:22:54","guid":{"rendered":"https:\/\/www.jaermuseet.no\/flyhistorisk\/?p=1466"},"modified":"2020-03-23T15:51:06","modified_gmt":"2020-03-23T13:51:06","slug":"leif-hedland","status":"publish","type":"post","link":"https:\/\/www.jaermuseet.no\/flyhistorisk\/leif-hedland\/","title":{"rendered":"Leif Hedland"},"content":{"rendered":"<p>Leif Hedland ble f\u00f8dt i 1956 og vokste opp p\u00e5 Sola. Hans flygerutdannelse begynte p\u00e5 V\u00e6rnes i november 1975. Deretter gikk veien videre til flyskolen ved Vance Air Force Base, Enid i\u00a0USA. Her ble han utdannet som jagerflyger mellom 1976 og 1977.\u00a0 Innledningsvis ble det lille tomotorsjetflyet Cessna T-37 Tweet benyttet. Deretter gikk veien videre til avansert jettrening med Northrop T-38 Talon. Etter hjemkomst til Norge som ferdig utdannet jagerflyger ble Leif stasjonert ved 336 skvadron som var oppsatt med F-5 Freedom fighter p\u00e5 Rygge. Han ble senere forflyttet til 718 skvadron som opererte den samme flytypen fra Sola. Her ble han til han i 1983 la den milit\u00e6re karrieren p\u00e5 hylla til fordel for flygerjobb i SAS.<\/p>\n<p>Leif Hedland er en av de mange flygerne som stilte seg tilgjengelig i forbindelse med museets hjemmeeksamensprosjekt for l\u00e6rerstudentene fra Universitetet i Stavanger h\u00f8sten 2019. Han fikk dessverre ikke mulighet til \u00e5 delta p\u00e5 eksamensgjennomf\u00f8ringen, men ble intervjuet av Else Tungland (forfatter og frilansforsker) og Anne Katrine Branderud (mastergradsstudent i historie og historiedidaktikk ved Universitet i Stavanger) 2. september 2019.<\/p>\n<div class=\"tiled-gallery type-rectangular tiled-gallery-unresized\" data-original-width=\"500\" data-carousel-extra='null' itemscope itemtype=\"http:\/\/schema.org\/ImageGallery\" > <div class=\"gallery-row\" style=\"width: 500px; height: 235px;\" data-original-width=\"500\" data-original-height=\"235\" > <div class=\"gallery-group images-1\" style=\"width: 332px; height: 235px;\" data-original-width=\"332\" data-original-height=\"235\" > <div class=\"tiled-gallery-item tiled-gallery-item-large\" itemprop=\"associatedMedia\" itemscope itemtype=\"http:\/\/schema.org\/ImageObject\"> <a href=\"https:\/\/www.jaermuseet.no\/flyhistorisk\/leif-hedland\/jaef226-027-2\/\" border=\"0\" itemprop=\"url\"> <meta itemprop=\"width\" content=\"328\"> <meta itemprop=\"height\" content=\"231\"> <img decoding=\"async\" class=\"\" data-attachment-id=\"1492\" data-orig-file=\"https:\/\/www.jaermuseet.no\/flyhistorisk\/wp-content\/uploads\/sites\/4\/2020\/01\/J\u00c6F226.027-1.jpg\" data-orig-size=\"719,506\" data-comments-opened=\"\" data-image-meta=\"{&quot;aperture&quot;:&quot;0&quot;,&quot;credit&quot;:&quot;&quot;,&quot;camera&quot;:&quot;&quot;,&quot;caption&quot;:&quot;&quot;,&quot;created_timestamp&quot;:&quot;0&quot;,&quot;copyright&quot;:&quot;&quot;,&quot;focal_length&quot;:&quot;0&quot;,&quot;iso&quot;:&quot;0&quot;,&quot;shutter_speed&quot;:&quot;0&quot;,&quot;title&quot;:&quot;&quot;,&quot;orientation&quot;:&quot;0&quot;}\" data-image-title=\"J\u00c6F226.027\" data-image-description=\"\" data-medium-file=\"https:\/\/www.jaermuseet.no\/flyhistorisk\/wp-content\/uploads\/sites\/4\/2020\/01\/J\u00c6F226.027-1-300x211.jpg\" data-large-file=\"https:\/\/www.jaermuseet.no\/flyhistorisk\/wp-content\/uploads\/sites\/4\/2020\/01\/J\u00c6F226.027-1.jpg\" src=\"https:\/\/i0.wp.com\/www.jaermuseet.no\/flyhistorisk\/wp-content\/uploads\/sites\/4\/2020\/01\/J%C3%86F226.027-1.jpg?w=328&#038;h=231&#038;ssl=1\" width=\"328\" height=\"231\" loading=\"lazy\" data-original-width=\"328\" data-original-height=\"231\" itemprop=\"http:\/\/schema.org\/image\" title=\"J\u00c6F226.027\" alt=\"Et Lockheed T-33 p\u00e5 Vance Air Force Base i Oklahoma I 1976\/77. Foto: Leif Hedland.\" style=\"width: 328px; height: 231px;\" \/> <\/a> <div class=\"tiled-gallery-caption\" itemprop=\"caption description\"> Et Lockheed T-33 p\u00e5 Vance Air Force Base i Oklahoma I 1976\/77. Foto: Leif Hedland. <\/div> <\/div> <\/div> <!-- close group --> <div class=\"gallery-group images-2\" style=\"width: 168px; height: 235px;\" data-original-width=\"168\" data-original-height=\"235\" > <div class=\"tiled-gallery-item tiled-gallery-item-small\" itemprop=\"associatedMedia\" itemscope itemtype=\"http:\/\/schema.org\/ImageObject\"> <a href=\"https:\/\/www.jaermuseet.no\/flyhistorisk\/leif-hedland\/jaef226-028-2\/\" border=\"0\" itemprop=\"url\"> <meta itemprop=\"width\" content=\"164\"> <meta itemprop=\"height\" content=\"114\"> <img decoding=\"async\" class=\"\" data-attachment-id=\"1493\" data-orig-file=\"https:\/\/www.jaermuseet.no\/flyhistorisk\/wp-content\/uploads\/sites\/4\/2020\/01\/J\u00c6F226.028-1.jpg\" data-orig-size=\"713,495\" data-comments-opened=\"\" data-image-meta=\"{&quot;aperture&quot;:&quot;0&quot;,&quot;credit&quot;:&quot;&quot;,&quot;camera&quot;:&quot;&quot;,&quot;caption&quot;:&quot;&quot;,&quot;created_timestamp&quot;:&quot;0&quot;,&quot;copyright&quot;:&quot;&quot;,&quot;focal_length&quot;:&quot;0&quot;,&quot;iso&quot;:&quot;0&quot;,&quot;shutter_speed&quot;:&quot;0&quot;,&quot;title&quot;:&quot;&quot;,&quot;orientation&quot;:&quot;0&quot;}\" data-image-title=\"J\u00c6F226.028\" data-image-description=\"\" data-medium-file=\"https:\/\/www.jaermuseet.no\/flyhistorisk\/wp-content\/uploads\/sites\/4\/2020\/01\/J\u00c6F226.028-1-300x208.jpg\" data-large-file=\"https:\/\/www.jaermuseet.no\/flyhistorisk\/wp-content\/uploads\/sites\/4\/2020\/01\/J\u00c6F226.028-1.jpg\" src=\"https:\/\/i0.wp.com\/www.jaermuseet.no\/flyhistorisk\/wp-content\/uploads\/sites\/4\/2020\/01\/J%C3%86F226.028-1.jpg?w=164&#038;h=114&#038;ssl=1\" width=\"164\" height=\"114\" loading=\"lazy\" data-original-width=\"164\" data-original-height=\"114\" itemprop=\"http:\/\/schema.org\/image\" title=\"J\u00c6F226.028\" alt=\"En norsk elev like f\u00f8r avgang i en Cessna T-37 Tweet. Foto: Leif Hedland\" style=\"width: 164px; height: 114px;\" \/> <\/a> <div class=\"tiled-gallery-caption\" itemprop=\"caption description\"> En norsk elev like f\u00f8r avgang i en Cessna T-37 Tweet. Foto: Leif Hedland <\/div> <\/div> <div class=\"tiled-gallery-item tiled-gallery-item-small\" itemprop=\"associatedMedia\" itemscope itemtype=\"http:\/\/schema.org\/ImageObject\"> <a href=\"https:\/\/www.jaermuseet.no\/flyhistorisk\/leif-hedland\/jaef226-061-2\/\" border=\"0\" itemprop=\"url\"> <meta itemprop=\"width\" content=\"164\"> <meta itemprop=\"height\" content=\"113\"> <img decoding=\"async\" class=\"\" data-attachment-id=\"1494\" data-orig-file=\"https:\/\/www.jaermuseet.no\/flyhistorisk\/wp-content\/uploads\/sites\/4\/2020\/01\/J\u00c6F226.061-1.jpg\" data-orig-size=\"723,497\" data-comments-opened=\"\" data-image-meta=\"{&quot;aperture&quot;:&quot;0&quot;,&quot;credit&quot;:&quot;&quot;,&quot;camera&quot;:&quot;&quot;,&quot;caption&quot;:&quot;&quot;,&quot;created_timestamp&quot;:&quot;0&quot;,&quot;copyright&quot;:&quot;&quot;,&quot;focal_length&quot;:&quot;0&quot;,&quot;iso&quot;:&quot;0&quot;,&quot;shutter_speed&quot;:&quot;0&quot;,&quot;title&quot;:&quot;&quot;,&quot;orientation&quot;:&quot;0&quot;}\" data-image-title=\"J\u00c6F226.061\" data-image-description=\"\" data-medium-file=\"https:\/\/www.jaermuseet.no\/flyhistorisk\/wp-content\/uploads\/sites\/4\/2020\/01\/J\u00c6F226.061-1-300x206.jpg\" data-large-file=\"https:\/\/www.jaermuseet.no\/flyhistorisk\/wp-content\/uploads\/sites\/4\/2020\/01\/J\u00c6F226.061-1.jpg\" src=\"https:\/\/i0.wp.com\/www.jaermuseet.no\/flyhistorisk\/wp-content\/uploads\/sites\/4\/2020\/01\/J%C3%86F226.061-1.jpg?w=164&#038;h=113&#038;ssl=1\" width=\"164\" height=\"113\" loading=\"lazy\" data-original-width=\"164\" data-original-height=\"113\" itemprop=\"http:\/\/schema.org\/image\" title=\"J\u00c6F226.061\" alt=\"Formasjonsflygning med Cessna T-37 Tweet. Foto: Leif Hedland\" style=\"width: 164px; height: 113px;\" \/> <\/a> <div class=\"tiled-gallery-caption\" itemprop=\"caption description\"> Formasjonsflygning med Cessna T-37 Tweet. Foto: Leif Hedland <\/div> <\/div> <\/div> <!-- close group --> <\/div> <!-- close row --> <\/div>\n","protected":false},"excerpt":{"rendered":"<p>Leif Hedland ble f\u00f8dt i 1956 og vokste opp p\u00e5&#8230;<\/p>\n","protected":false},"author":3,"featured_media":1495,"comment_status":"closed","ping_status":"closed","sticky":false,"template":"","format":"standard","meta":{"_acf_changed":false,"_jetpack_memberships_contains_paid_content":false,"footnotes":""},"categories":[27],"tags":[],"class_list":["post-1466","post","type-post","status-publish","format-standard","has-post-thumbnail","hentry","category-minnebanken","featured-image-size-large"],"acf":[],"yoast_head":"<!-- This site is optimized with the Yoast SEO plugin v27.4 - https:\/\/yoast.com\/product\/yoast-seo-wordpress\/ -->\n<title>Leif Hedland - Flyhistorisk Museum Sola<\/title>\n<meta name=\"robots\" content=\"index, follow, max-snippet:-1, max-image-preview:large, max-video-preview:-1\" \/>\n<link rel=\"canonical\" href=\"https:\/\/www.jaermuseet.no\/flyhistorisk\/leif-hedland\/\" \/>\n<meta property=\"og:locale\" content=\"nn_NO\" \/>\n<meta property=\"og:type\" content=\"article\" \/>\n<meta property=\"og:title\" content=\"Leif Hedland - Flyhistorisk Museum Sola\" \/>\n<meta property=\"og:description\" content=\"Leif Hedland ble f\u00f8dt i 1956 og vokste opp p\u00e5...\" \/>\n<meta property=\"og:url\" content=\"https:\/\/www.jaermuseet.no\/flyhistorisk\/leif-hedland\/\" \/>\n<meta property=\"og:site_name\" content=\"Flyhistorisk Museum Sola\" \/>\n<meta property=\"article:published_time\" content=\"2020-01-10T12:22:54+00:00\" \/>\n<meta property=\"article:modified_time\" content=\"2020-03-23T13:51:06+00:00\" \/>\n<meta property=\"og:image\" content=\"https:\/\/www.jaermuseet.no\/flyhistorisk\/wp-content\/uploads\/sites\/4\/2020\/01\/J\u00c6F226.001-1.jpg\" \/>\n\t<meta property=\"og:image:width\" content=\"1034\" \/>\n\t<meta property=\"og:image:height\" content=\"1400\" \/>\n\t<meta property=\"og:image:type\" content=\"image\/jpeg\" \/>\n<meta name=\"author\" content=\"Flyhistorisk\" \/>\n<meta name=\"twitter:card\" content=\"summary_large_image\" \/>\n<meta name=\"twitter:label1\" content=\"Written by\" \/>\n\t<meta name=\"twitter:data1\" content=\"Flyhistorisk\" \/>\n\t<meta name=\"twitter:label2\" content=\"Est. reading time\" \/>\n\t<meta name=\"twitter:data2\" content=\"1 minutt\" \/>\n<script type=\"application\/ld+json\" class=\"yoast-schema-graph\">{\"@context\":\"https:\\\/\\\/schema.org\",\"@graph\":[{\"@type\":\"Article\",\"@id\":\"https:\\\/\\\/www.jaermuseet.no\\\/flyhistorisk\\\/leif-hedland\\\/#article\",\"isPartOf\":{\"@id\":\"https:\\\/\\\/www.jaermuseet.no\\\/flyhistorisk\\\/leif-hedland\\\/\"},\"author\":{\"name\":\"Flyhistorisk\",\"@id\":\"https:\\\/\\\/www.jaermuseet.no\\\/flyhistorisk\\\/#\\\/schema\\\/person\\\/fb7c64a141b10ccbf139c101c1c39297\"},\"headline\":\"Leif Hedland\",\"datePublished\":\"2020-01-10T12:22:54+00:00\",\"dateModified\":\"2020-03-23T13:51:06+00:00\",\"mainEntityOfPage\":{\"@id\":\"https:\\\/\\\/www.jaermuseet.no\\\/flyhistorisk\\\/leif-hedland\\\/\"},\"wordCount\":180,\"image\":{\"@id\":\"https:\\\/\\\/www.jaermuseet.no\\\/flyhistorisk\\\/leif-hedland\\\/#primaryimage\"},\"thumbnailUrl\":\"https:\\\/\\\/www.jaermuseet.no\\\/flyhistorisk\\\/wp-content\\\/uploads\\\/sites\\\/4\\\/2020\\\/01\\\/J\u00c6F226.001-1.jpg\",\"articleSection\":[\"Minnebanken\"],\"inLanguage\":\"nn-NO\"},{\"@type\":\"WebPage\",\"@id\":\"https:\\\/\\\/www.jaermuseet.no\\\/flyhistorisk\\\/leif-hedland\\\/\",\"url\":\"https:\\\/\\\/www.jaermuseet.no\\\/flyhistorisk\\\/leif-hedland\\\/\",\"name\":\"Leif Hedland - Flyhistorisk Museum Sola\",\"isPartOf\":{\"@id\":\"https:\\\/\\\/www.jaermuseet.no\\\/flyhistorisk\\\/#website\"},\"primaryImageOfPage\":{\"@id\":\"https:\\\/\\\/www.jaermuseet.no\\\/flyhistorisk\\\/leif-hedland\\\/#primaryimage\"},\"image\":{\"@id\":\"https:\\\/\\\/www.jaermuseet.no\\\/flyhistorisk\\\/leif-hedland\\\/#primaryimage\"},\"thumbnailUrl\":\"https:\\\/\\\/www.jaermuseet.no\\\/flyhistorisk\\\/wp-content\\\/uploads\\\/sites\\\/4\\\/2020\\\/01\\\/J\u00c6F226.001-1.jpg\",\"datePublished\":\"2020-01-10T12:22:54+00:00\",\"dateModified\":\"2020-03-23T13:51:06+00:00\",\"author\":{\"@id\":\"https:\\\/\\\/www.jaermuseet.no\\\/flyhistorisk\\\/#\\\/schema\\\/person\\\/fb7c64a141b10ccbf139c101c1c39297\"},\"breadcrumb\":{\"@id\":\"https:\\\/\\\/www.jaermuseet.no\\\/flyhistorisk\\\/leif-hedland\\\/#breadcrumb\"},\"inLanguage\":\"nn-NO\",\"potentialAction\":[{\"@type\":\"ReadAction\",\"target\":[\"https:\\\/\\\/www.jaermuseet.no\\\/flyhistorisk\\\/leif-hedland\\\/\"]}]},{\"@type\":\"ImageObject\",\"inLanguage\":\"nn-NO\",\"@id\":\"https:\\\/\\\/www.jaermuseet.no\\\/flyhistorisk\\\/leif-hedland\\\/#primaryimage\",\"url\":\"https:\\\/\\\/www.jaermuseet.no\\\/flyhistorisk\\\/wp-content\\\/uploads\\\/sites\\\/4\\\/2020\\\/01\\\/J\u00c6F226.001-1.jpg\",\"contentUrl\":\"https:\\\/\\\/www.jaermuseet.no\\\/flyhistorisk\\\/wp-content\\\/uploads\\\/sites\\\/4\\\/2020\\\/01\\\/J\u00c6F226.001-1.jpg\",\"width\":1034,\"height\":1400},{\"@type\":\"BreadcrumbList\",\"@id\":\"https:\\\/\\\/www.jaermuseet.no\\\/flyhistorisk\\\/leif-hedland\\\/#breadcrumb\",\"itemListElement\":[{\"@type\":\"ListItem\",\"position\":1,\"name\":\"Hjem\",\"item\":\"https:\\\/\\\/www.jaermuseet.no\\\/flyhistorisk\\\/\"},{\"@type\":\"ListItem\",\"position\":2,\"name\":\"Leif Hedland\"}]},{\"@type\":\"WebSite\",\"@id\":\"https:\\\/\\\/www.jaermuseet.no\\\/flyhistorisk\\\/#website\",\"url\":\"https:\\\/\\\/www.jaermuseet.no\\\/flyhistorisk\\\/\",\"name\":\"Flyhistorisk Museum Sola\",\"description\":\"One of Norway\u2019s largest civil collections of airplanes\",\"potentialAction\":[{\"@type\":\"SearchAction\",\"target\":{\"@type\":\"EntryPoint\",\"urlTemplate\":\"https:\\\/\\\/www.jaermuseet.no\\\/flyhistorisk\\\/?s={search_term_string}\"},\"query-input\":{\"@type\":\"PropertyValueSpecification\",\"valueRequired\":true,\"valueName\":\"search_term_string\"}}],\"inLanguage\":\"nn-NO\"},{\"@type\":\"Person\",\"@id\":\"https:\\\/\\\/www.jaermuseet.no\\\/flyhistorisk\\\/#\\\/schema\\\/person\\\/fb7c64a141b10ccbf139c101c1c39297\",\"name\":\"Flyhistorisk\",\"image\":{\"@type\":\"ImageObject\",\"inLanguage\":\"nn-NO\",\"@id\":\"https:\\\/\\\/secure.gravatar.com\\\/avatar\\\/6a67dd7f87836b69b29b49028b01bea26bbf872caff3451d17e160f5c4c6e156?s=96&d=mm&r=g\",\"url\":\"https:\\\/\\\/secure.gravatar.com\\\/avatar\\\/6a67dd7f87836b69b29b49028b01bea26bbf872caff3451d17e160f5c4c6e156?s=96&d=mm&r=g\",\"contentUrl\":\"https:\\\/\\\/secure.gravatar.com\\\/avatar\\\/6a67dd7f87836b69b29b49028b01bea26bbf872caff3451d17e160f5c4c6e156?s=96&d=mm&r=g\",\"caption\":\"Flyhistorisk\"},\"url\":\"https:\\\/\\\/www.jaermuseet.no\\\/flyhistorisk\\\/author\\\/flyhistorisk\\\/\"}]}<\/script>\n<!-- \/ Yoast SEO plugin. -->","yoast_head_json":{"title":"Leif Hedland - Flyhistorisk Museum Sola","robots":{"index":"index","follow":"follow","max-snippet":"max-snippet:-1","max-image-preview":"max-image-preview:large","max-video-preview":"max-video-preview:-1"},"canonical":"https:\/\/www.jaermuseet.no\/flyhistorisk\/leif-hedland\/","og_locale":"nn_NO","og_type":"article","og_title":"Leif Hedland - Flyhistorisk Museum Sola","og_description":"Leif Hedland ble f\u00f8dt i 1956 og vokste opp p\u00e5...","og_url":"https:\/\/www.jaermuseet.no\/flyhistorisk\/leif-hedland\/","og_site_name":"Flyhistorisk Museum Sola","article_published_time":"2020-01-10T12:22:54+00:00","article_modified_time":"2020-03-23T13:51:06+00:00","og_image":[{"width":1034,"height":1400,"url":"https:\/\/www.jaermuseet.no\/flyhistorisk\/wp-content\/uploads\/sites\/4\/2020\/01\/J\u00c6F226.001-1.jpg","type":"image\/jpeg"}],"author":"Flyhistorisk","twitter_card":"summary_large_image","twitter_misc":{"Written by":"Flyhistorisk","Est. reading time":"1 minutt"},"schema":{"@context":"https:\/\/schema.org","@graph":[{"@type":"Article","@id":"https:\/\/www.jaermuseet.no\/flyhistorisk\/leif-hedland\/#article","isPartOf":{"@id":"https:\/\/www.jaermuseet.no\/flyhistorisk\/leif-hedland\/"},"author":{"name":"Flyhistorisk","@id":"https:\/\/www.jaermuseet.no\/flyhistorisk\/#\/schema\/person\/fb7c64a141b10ccbf139c101c1c39297"},"headline":"Leif Hedland","datePublished":"2020-01-10T12:22:54+00:00","dateModified":"2020-03-23T13:51:06+00:00","mainEntityOfPage":{"@id":"https:\/\/www.jaermuseet.no\/flyhistorisk\/leif-hedland\/"},"wordCount":180,"image":{"@id":"https:\/\/www.jaermuseet.no\/flyhistorisk\/leif-hedland\/#primaryimage"},"thumbnailUrl":"https:\/\/www.jaermuseet.no\/flyhistorisk\/wp-content\/uploads\/sites\/4\/2020\/01\/J\u00c6F226.001-1.jpg","articleSection":["Minnebanken"],"inLanguage":"nn-NO"},{"@type":"WebPage","@id":"https:\/\/www.jaermuseet.no\/flyhistorisk\/leif-hedland\/","url":"https:\/\/www.jaermuseet.no\/flyhistorisk\/leif-hedland\/","name":"Leif Hedland - Flyhistorisk Museum Sola","isPartOf":{"@id":"https:\/\/www.jaermuseet.no\/flyhistorisk\/#website"},"primaryImageOfPage":{"@id":"https:\/\/www.jaermuseet.no\/flyhistorisk\/leif-hedland\/#primaryimage"},"image":{"@id":"https:\/\/www.jaermuseet.no\/flyhistorisk\/leif-hedland\/#primaryimage"},"thumbnailUrl":"https:\/\/www.jaermuseet.no\/flyhistorisk\/wp-content\/uploads\/sites\/4\/2020\/01\/J\u00c6F226.001-1.jpg","datePublished":"2020-01-10T12:22:54+00:00","dateModified":"2020-03-23T13:51:06+00:00","author":{"@id":"https:\/\/www.jaermuseet.no\/flyhistorisk\/#\/schema\/person\/fb7c64a141b10ccbf139c101c1c39297"},"breadcrumb":{"@id":"https:\/\/www.jaermuseet.no\/flyhistorisk\/leif-hedland\/#breadcrumb"},"inLanguage":"nn-NO","potentialAction":[{"@type":"ReadAction","target":["https:\/\/www.jaermuseet.no\/flyhistorisk\/leif-hedland\/"]}]},{"@type":"ImageObject","inLanguage":"nn-NO","@id":"https:\/\/www.jaermuseet.no\/flyhistorisk\/leif-hedland\/#primaryimage","url":"https:\/\/www.jaermuseet.no\/flyhistorisk\/wp-content\/uploads\/sites\/4\/2020\/01\/J\u00c6F226.001-1.jpg","contentUrl":"https:\/\/www.jaermuseet.no\/flyhistorisk\/wp-content\/uploads\/sites\/4\/2020\/01\/J\u00c6F226.001-1.jpg","width":1034,"height":1400},{"@type":"BreadcrumbList","@id":"https:\/\/www.jaermuseet.no\/flyhistorisk\/leif-hedland\/#breadcrumb","itemListElement":[{"@type":"ListItem","position":1,"name":"Hjem","item":"https:\/\/www.jaermuseet.no\/flyhistorisk\/"},{"@type":"ListItem","position":2,"name":"Leif Hedland"}]},{"@type":"WebSite","@id":"https:\/\/www.jaermuseet.no\/flyhistorisk\/#website","url":"https:\/\/www.jaermuseet.no\/flyhistorisk\/","name":"Flyhistorisk Museum Sola","description":"One of Norway\u2019s largest civil collections of airplanes","potentialAction":[{"@type":"SearchAction","target":{"@type":"EntryPoint","urlTemplate":"https:\/\/www.jaermuseet.no\/flyhistorisk\/?s={search_term_string}"},"query-input":{"@type":"PropertyValueSpecification","valueRequired":true,"valueName":"search_term_string"}}],"inLanguage":"nn-NO"},{"@type":"Person","@id":"https:\/\/www.jaermuseet.no\/flyhistorisk\/#\/schema\/person\/fb7c64a141b10ccbf139c101c1c39297","name":"Flyhistorisk","image":{"@type":"ImageObject","inLanguage":"nn-NO","@id":"https:\/\/secure.gravatar.com\/avatar\/6a67dd7f87836b69b29b49028b01bea26bbf872caff3451d17e160f5c4c6e156?s=96&d=mm&r=g","url":"https:\/\/secure.gravatar.com\/avatar\/6a67dd7f87836b69b29b49028b01bea26bbf872caff3451d17e160f5c4c6e156?s=96&d=mm&r=g","contentUrl":"https:\/\/secure.gravatar.com\/avatar\/6a67dd7f87836b69b29b49028b01bea26bbf872caff3451d17e160f5c4c6e156?s=96&d=mm&r=g","caption":"Flyhistorisk"},"url":"https:\/\/www.jaermuseet.no\/flyhistorisk\/author\/flyhistorisk\/"}]}},"cc_featured_image_caption":{"caption_text":"","source_text":"","source_url":""},"jetpack_featured_media_url":"https:\/\/www.jaermuseet.no\/flyhistorisk\/wp-content\/uploads\/sites\/4\/2020\/01\/J\u00c6F226.001-1.jpg","jetpack_sharing_enabled":true,"_links":{"self":[{"href":"https:\/\/www.jaermuseet.no\/flyhistorisk\/wp-json\/wp\/v2\/posts\/1466","targetHints":{"allow":["GET"]}}],"collection":[{"href":"https:\/\/www.jaermuseet.no\/flyhistorisk\/wp-json\/wp\/v2\/posts"}],"about":[{"href":"https:\/\/www.jaermuseet.no\/flyhistorisk\/wp-json\/wp\/v2\/types\/post"}],"author":[{"embeddable":true,"href":"https:\/\/www.jaermuseet.no\/flyhistorisk\/wp-json\/wp\/v2\/users\/3"}],"replies":[{"embeddable":true,"href":"https:\/\/www.jaermuseet.no\/flyhistorisk\/wp-json\/wp\/v2\/comments?post=1466"}],"version-history":[{"count":6,"href":"https:\/\/www.jaermuseet.no\/flyhistorisk\/wp-json\/wp\/v2\/posts\/1466\/revisions"}],"predecessor-version":[{"id":1667,"href":"https:\/\/www.jaermuseet.no\/flyhistorisk\/wp-json\/wp\/v2\/posts\/1466\/revisions\/1667"}],"wp:featuredmedia":[{"embeddable":true,"href":"https:\/\/www.jaermuseet.no\/flyhistorisk\/wp-json\/wp\/v2\/media\/1495"}],"wp:attachment":[{"href":"https:\/\/www.jaermuseet.no\/flyhistorisk\/wp-json\/wp\/v2\/media?parent=1466"}],"wp:term":[{"taxonomy":"category","embeddable":true,"href":"https:\/\/www.jaermuseet.no\/flyhistorisk\/wp-json\/wp\/v2\/categories?post=1466"},{"taxonomy":"post_tag","embeddable":true,"href":"https:\/\/www.jaermuseet.no\/flyhistorisk\/wp-json\/wp\/v2\/tags?post=1466"}],"curies":[{"name":"wp","href":"https:\/\/api.w.org\/{rel}","templated":true}]}}