{"id":1436,"date":"2019-12-17T16:07:59","date_gmt":"2019-12-17T14:07:59","guid":{"rendered":"https:\/\/www.jaermuseet.no\/flyhistorisk\/?p=1436"},"modified":"2019-12-17T16:09:01","modified_gmt":"2019-12-17T14:09:01","slug":"for-vare-kamerater","status":"publish","type":"post","link":"https:\/\/www.jaermuseet.no\/flyhistorisk\/for-vare-kamerater\/","title":{"rendered":"For v\u00e5re kamerater"},"content":{"rendered":"<p><em><strong>P\u00e5 1950-tallet forberedte Luftforsvaret seg p\u00e5 en krig som kunne komme n\u00e5r som helst. \u00d8velser og beredskap f\u00f8rte til meget hektisk aktivitet ved de norske skvadronene. De norske milit\u00e6rflygerne var innforst\u00e5tt med at de n\u00e5r som helst risikerte \u00e5 m\u00e5tte ofre alt &#8211; hvilket mange av dem ogs\u00e5 gjorde. Fra 1950 til 1959 fant det sted 95 fatale flyulykker i Det norske forsvaret, inkludert fly f\u00f8rt av nordmenn under utdanning i USA og Canada. Disse ulykkene kostet 116 milit\u00e6rflygere livet. Om vi ser de fire ti\u00e5rene mellom 1950 og 1989 under ett, kommer vi opp i 161 fatale flyulykker, hvor tilsammen 199 milit\u00e6rflygere mistet livet. Til tross for at ulykkene enkeltvis skapte avisoverskrifter, gikk de raskt ut av folks bevissthet og har aldri blitt en del av v\u00e5rt kollektive minne.<\/strong><\/em><\/p>\n<p>Forskning innen norsk utenriks- og forsvarshistorie har hovedsakelig v\u00e6rt konsentrert rundt sikkerhetspolitiske emner og problemstillinger. Forsvarets rolle i den kalde krigen har ofte kun blitt viet interesse der den har bidratt til \u00e5 belyse og forklare elementer av sikkerhetspolitikken. Milit\u00e6ravdelingene og enkeltmenneskene som til daglig fikk f\u00f8le den kalde krigens spenninger p\u00e5 kroppen har stort sett blitt oversett n\u00e5r faghistorikere og forskere med interesse for perioden har forsket og formidlet den. Enkeltmenneskenes plass i den store fortellingen blir stort sett oversett.<\/p>\n<p>Hovedm\u00e5let med dette forskings- og dokumentasjonsprosjektet er \u00e5 fremheve og synliggj\u00f8re innsatsen til norske milit\u00e6rflygere under den kalde krigen, innhente informasjon og sikre minner om en hittil lite kjent og dokumentert del av norsk forsvars- og arbeidslivshistorie. Gjennom innsamling av personlige minner og historier \u00f8nsker vi \u00e5 rette s\u00f8kelyset mot de norske milit\u00e6rflygerne som tjenestegjorde, og alt for ofte omkom, i Luftforsvarets tjeneste under den kalde krigen. Vi \u00f8nsker ogs\u00e5 \u00e5 supplere materialet etter milit\u00e6rflygerne med minner og historier fra mekanikere, annet bakkemannskap, t\u00e5rnpersonell, redningspersonell, flygernes familie osv.<\/p>\n<p><strong><em>Minnebanken <\/em><\/strong>er etablert som et ledd i et p\u00e5g\u00e5ende forskings- og dokumentasjonsprosjekt i regi av J\u00e6rmuseet i samarbeid med Universitetet i Stavanger, NTNU og H\u00f8gskolen i Innlandet. Prosjektet kan utvides med deltakelse fra flere museer, arkiv og andre relevante institusjoner. Et av hovedm\u00e5lene med prosjektet er opprettelsen av en minnebank med intervju, notater fra samtaler, dokumentasjon og bildemateriale, som skal ivareta kunnskap om historien til de norske milit\u00e6rflygerne som tjenestegjorde i Luftforsvaret under den kalde krigen, f\u00f8r det blir for sent.<\/p>\n<p><strong>Minnebanken<\/strong> skal forvaltes av J\u00e6rmuseet etter museale f\u00f8ringer og prinsipper, i tr\u00e5d med personvernlovens bestemmelser. Minnebanken blir del av J\u00e6rmuseets museumssamling. Mottak av bildemateriale, dokumenter, intervjumateriale og andre kilder, skal dokumenteres gjennom et gave- \/ tilvekstskjema, som ogs\u00e5 stadfester museets rettigheter og retningslinjer for oppbevaring, bruk og formidling av mottatt materiale.<\/p>\n<p><strong>Gjennom minnebanken<\/strong> \u00f8nsker vi \u00e5 samle informasjon som skal dokumentere: Hvordan det var \u00e5 v\u00e6re milit\u00e6rflyger under den kalde krigen? Hvem det var som fl\u00f8y milit\u00e6rflyene? Hvilke oppdrag de hadde? Hvorfor det skjedde s\u00e5 mange ulykker? Hvor kald den kalde krigen egentlig var for milit\u00e6rflygerne? Hvordan det var \u00e5 ha en milit\u00e6rflyger i familien? Hvordan d\u00f8dsfallene p\u00e5virket familier og n\u00e6rmilj\u00f8? Hvorfor ikke ulykkene er en del av nasjonenes kollektive minne?<\/p>\n<p><strong>Minnebanken skal v\u00e6re<\/strong> et kildemateriale for p\u00e5g\u00e5ende og fremtidig forskings- og formidlingsvirksomhet, utf\u00f8rt av profesjonelle fagfolk og mastergradsstudenter. Minnebanken er etablert som del av et ph.d-prosjekt som analyserer de norske milit\u00e6rflygernes aktivitet og innsats under den kalde krigen. Innen utgangen av 2023 skal dette resultere i en doktorgrad. Det vil ogs\u00e5 bli skrevet en rekke popul\u00e6rvitenskapelige fremstillinger med utgangspunkt i det innsamlede materialet. Vi \u00f8nsker ogs\u00e5 \u00e5 invitere mastergradsstudenter med i prosjektet. Mastergradsstudentene f\u00e5r tilgang til relevant materiale og blir delaktige i arbeidet med \u00e5 utvide minnebanken gjennom innsamling av data i tr\u00e5d med prosjektets retningslinjer. Etter prosjektets slutt, \u00f8nsker vi \u00e5 tilgjengeliggj\u00f8re materialet for profesjonelle fagfolk og mastergradsstudenter som \u00f8nsker \u00e5 formidle eller forske videre p\u00e5 tematikken.<\/p>\n<p>For mer informasjon eller \u00f8nske om \u00e5 bidra med informasjon \/ materiale, kontakt:<\/p>\n<p>Sondre B. Hvam<br \/>\nDriftsleder \/ Konservator NMF<br \/>\nJ\u00e6rmuseet avd. Flyhistorisk Museum Sola<br \/>\nTlf. 906 29\u00a0547<br \/>\nE-post: <a href=\"mailto:sbh@jaermuseet.no\">sbh@jaermuseet.no<\/a><\/p>\n","protected":false},"excerpt":{"rendered":"<p>P\u00e5 1950-tallet forberedte Luftforsvaret seg p\u00e5 en krig som kunne&#8230;<\/p>\n","protected":false},"author":3,"featured_media":1444,"comment_status":"closed","ping_status":"closed","sticky":false,"template":"","format":"standard","meta":{"_acf_changed":false,"_jetpack_memberships_contains_paid_content":false,"footnotes":""},"categories":[2],"tags":[],"class_list":["post-1436","post","type-post","status-publish","format-standard","has-post-thumbnail","hentry","category-aktuelt","featured-image-size-large"],"acf":[],"yoast_head":"<!-- This site is optimized with the Yoast SEO plugin v27.4 - https:\/\/yoast.com\/product\/yoast-seo-wordpress\/ -->\n<title>For v\u00e5re kamerater - Flyhistorisk Museum Sola<\/title>\n<meta name=\"robots\" content=\"index, follow, max-snippet:-1, max-image-preview:large, max-video-preview:-1\" \/>\n<link rel=\"canonical\" href=\"https:\/\/www.jaermuseet.no\/flyhistorisk\/for-vare-kamerater\/\" \/>\n<meta property=\"og:locale\" content=\"nn_NO\" \/>\n<meta property=\"og:type\" content=\"article\" \/>\n<meta property=\"og:title\" content=\"For v\u00e5re kamerater - Flyhistorisk Museum Sola\" \/>\n<meta property=\"og:description\" content=\"P\u00e5 1950-tallet forberedte Luftforsvaret seg p\u00e5 en krig som kunne...\" \/>\n<meta property=\"og:url\" content=\"https:\/\/www.jaermuseet.no\/flyhistorisk\/for-vare-kamerater\/\" \/>\n<meta property=\"og:site_name\" content=\"Flyhistorisk Museum Sola\" \/>\n<meta property=\"article:published_time\" content=\"2019-12-17T14:07:59+00:00\" \/>\n<meta property=\"article:modified_time\" content=\"2019-12-17T14:09:01+00:00\" \/>\n<meta property=\"og:image\" content=\"https:\/\/www.jaermuseet.no\/flyhistorisk\/wp-content\/uploads\/sites\/4\/2019\/12\/J\u00c6F215.0005-1024x1024.jpg\" \/>\n\t<meta property=\"og:image:width\" content=\"1024\" \/>\n\t<meta property=\"og:image:height\" content=\"1024\" \/>\n\t<meta property=\"og:image:type\" content=\"image\/jpeg\" \/>\n<meta name=\"author\" content=\"Flyhistorisk\" \/>\n<meta name=\"twitter:card\" content=\"summary_large_image\" \/>\n<meta name=\"twitter:label1\" content=\"Written by\" \/>\n\t<meta name=\"twitter:data1\" content=\"Flyhistorisk\" \/>\n\t<meta name=\"twitter:label2\" content=\"Est. reading time\" \/>\n\t<meta name=\"twitter:data2\" content=\"3 minutt\" \/>\n<script type=\"application\/ld+json\" class=\"yoast-schema-graph\">{\"@context\":\"https:\\\/\\\/schema.org\",\"@graph\":[{\"@type\":\"Article\",\"@id\":\"https:\\\/\\\/www.jaermuseet.no\\\/flyhistorisk\\\/for-vare-kamerater\\\/#article\",\"isPartOf\":{\"@id\":\"https:\\\/\\\/www.jaermuseet.no\\\/flyhistorisk\\\/for-vare-kamerater\\\/\"},\"author\":{\"name\":\"Flyhistorisk\",\"@id\":\"https:\\\/\\\/www.jaermuseet.no\\\/flyhistorisk\\\/#\\\/schema\\\/person\\\/fb7c64a141b10ccbf139c101c1c39297\"},\"headline\":\"For v\u00e5re kamerater\",\"datePublished\":\"2019-12-17T14:07:59+00:00\",\"dateModified\":\"2019-12-17T14:09:01+00:00\",\"mainEntityOfPage\":{\"@id\":\"https:\\\/\\\/www.jaermuseet.no\\\/flyhistorisk\\\/for-vare-kamerater\\\/\"},\"wordCount\":681,\"image\":{\"@id\":\"https:\\\/\\\/www.jaermuseet.no\\\/flyhistorisk\\\/for-vare-kamerater\\\/#primaryimage\"},\"thumbnailUrl\":\"https:\\\/\\\/www.jaermuseet.no\\\/flyhistorisk\\\/wp-content\\\/uploads\\\/sites\\\/4\\\/2019\\\/12\\\/J\u00c6F215.0005.jpg\",\"articleSection\":[\"Aktuelt\"],\"inLanguage\":\"nn-NO\"},{\"@type\":\"WebPage\",\"@id\":\"https:\\\/\\\/www.jaermuseet.no\\\/flyhistorisk\\\/for-vare-kamerater\\\/\",\"url\":\"https:\\\/\\\/www.jaermuseet.no\\\/flyhistorisk\\\/for-vare-kamerater\\\/\",\"name\":\"For v\u00e5re kamerater - Flyhistorisk Museum Sola\",\"isPartOf\":{\"@id\":\"https:\\\/\\\/www.jaermuseet.no\\\/flyhistorisk\\\/#website\"},\"primaryImageOfPage\":{\"@id\":\"https:\\\/\\\/www.jaermuseet.no\\\/flyhistorisk\\\/for-vare-kamerater\\\/#primaryimage\"},\"image\":{\"@id\":\"https:\\\/\\\/www.jaermuseet.no\\\/flyhistorisk\\\/for-vare-kamerater\\\/#primaryimage\"},\"thumbnailUrl\":\"https:\\\/\\\/www.jaermuseet.no\\\/flyhistorisk\\\/wp-content\\\/uploads\\\/sites\\\/4\\\/2019\\\/12\\\/J\u00c6F215.0005.jpg\",\"datePublished\":\"2019-12-17T14:07:59+00:00\",\"dateModified\":\"2019-12-17T14:09:01+00:00\",\"author\":{\"@id\":\"https:\\\/\\\/www.jaermuseet.no\\\/flyhistorisk\\\/#\\\/schema\\\/person\\\/fb7c64a141b10ccbf139c101c1c39297\"},\"breadcrumb\":{\"@id\":\"https:\\\/\\\/www.jaermuseet.no\\\/flyhistorisk\\\/for-vare-kamerater\\\/#breadcrumb\"},\"inLanguage\":\"nn-NO\",\"potentialAction\":[{\"@type\":\"ReadAction\",\"target\":[\"https:\\\/\\\/www.jaermuseet.no\\\/flyhistorisk\\\/for-vare-kamerater\\\/\"]}]},{\"@type\":\"ImageObject\",\"inLanguage\":\"nn-NO\",\"@id\":\"https:\\\/\\\/www.jaermuseet.no\\\/flyhistorisk\\\/for-vare-kamerater\\\/#primaryimage\",\"url\":\"https:\\\/\\\/www.jaermuseet.no\\\/flyhistorisk\\\/wp-content\\\/uploads\\\/sites\\\/4\\\/2019\\\/12\\\/J\u00c6F215.0005.jpg\",\"contentUrl\":\"https:\\\/\\\/www.jaermuseet.no\\\/flyhistorisk\\\/wp-content\\\/uploads\\\/sites\\\/4\\\/2019\\\/12\\\/J\u00c6F215.0005.jpg\",\"width\":2535,\"height\":2535},{\"@type\":\"BreadcrumbList\",\"@id\":\"https:\\\/\\\/www.jaermuseet.no\\\/flyhistorisk\\\/for-vare-kamerater\\\/#breadcrumb\",\"itemListElement\":[{\"@type\":\"ListItem\",\"position\":1,\"name\":\"Hjem\",\"item\":\"https:\\\/\\\/www.jaermuseet.no\\\/flyhistorisk\\\/\"},{\"@type\":\"ListItem\",\"position\":2,\"name\":\"For v\u00e5re kamerater\"}]},{\"@type\":\"WebSite\",\"@id\":\"https:\\\/\\\/www.jaermuseet.no\\\/flyhistorisk\\\/#website\",\"url\":\"https:\\\/\\\/www.jaermuseet.no\\\/flyhistorisk\\\/\",\"name\":\"Flyhistorisk Museum Sola\",\"description\":\"One of Norway\u2019s largest civil collections of airplanes\",\"potentialAction\":[{\"@type\":\"SearchAction\",\"target\":{\"@type\":\"EntryPoint\",\"urlTemplate\":\"https:\\\/\\\/www.jaermuseet.no\\\/flyhistorisk\\\/?s={search_term_string}\"},\"query-input\":{\"@type\":\"PropertyValueSpecification\",\"valueRequired\":true,\"valueName\":\"search_term_string\"}}],\"inLanguage\":\"nn-NO\"},{\"@type\":\"Person\",\"@id\":\"https:\\\/\\\/www.jaermuseet.no\\\/flyhistorisk\\\/#\\\/schema\\\/person\\\/fb7c64a141b10ccbf139c101c1c39297\",\"name\":\"Flyhistorisk\",\"image\":{\"@type\":\"ImageObject\",\"inLanguage\":\"nn-NO\",\"@id\":\"https:\\\/\\\/secure.gravatar.com\\\/avatar\\\/6a67dd7f87836b69b29b49028b01bea26bbf872caff3451d17e160f5c4c6e156?s=96&d=mm&r=g\",\"url\":\"https:\\\/\\\/secure.gravatar.com\\\/avatar\\\/6a67dd7f87836b69b29b49028b01bea26bbf872caff3451d17e160f5c4c6e156?s=96&d=mm&r=g\",\"contentUrl\":\"https:\\\/\\\/secure.gravatar.com\\\/avatar\\\/6a67dd7f87836b69b29b49028b01bea26bbf872caff3451d17e160f5c4c6e156?s=96&d=mm&r=g\",\"caption\":\"Flyhistorisk\"},\"url\":\"https:\\\/\\\/www.jaermuseet.no\\\/flyhistorisk\\\/author\\\/flyhistorisk\\\/\"}]}<\/script>\n<!-- \/ Yoast SEO plugin. -->","yoast_head_json":{"title":"For v\u00e5re kamerater - Flyhistorisk Museum Sola","robots":{"index":"index","follow":"follow","max-snippet":"max-snippet:-1","max-image-preview":"max-image-preview:large","max-video-preview":"max-video-preview:-1"},"canonical":"https:\/\/www.jaermuseet.no\/flyhistorisk\/for-vare-kamerater\/","og_locale":"nn_NO","og_type":"article","og_title":"For v\u00e5re kamerater - Flyhistorisk Museum Sola","og_description":"P\u00e5 1950-tallet forberedte Luftforsvaret seg p\u00e5 en krig som kunne...","og_url":"https:\/\/www.jaermuseet.no\/flyhistorisk\/for-vare-kamerater\/","og_site_name":"Flyhistorisk Museum Sola","article_published_time":"2019-12-17T14:07:59+00:00","article_modified_time":"2019-12-17T14:09:01+00:00","og_image":[{"width":1024,"height":1024,"url":"https:\/\/www.jaermuseet.no\/flyhistorisk\/wp-content\/uploads\/sites\/4\/2019\/12\/J\u00c6F215.0005-1024x1024.jpg","type":"image\/jpeg"}],"author":"Flyhistorisk","twitter_card":"summary_large_image","twitter_misc":{"Written by":"Flyhistorisk","Est. reading time":"3 minutt"},"schema":{"@context":"https:\/\/schema.org","@graph":[{"@type":"Article","@id":"https:\/\/www.jaermuseet.no\/flyhistorisk\/for-vare-kamerater\/#article","isPartOf":{"@id":"https:\/\/www.jaermuseet.no\/flyhistorisk\/for-vare-kamerater\/"},"author":{"name":"Flyhistorisk","@id":"https:\/\/www.jaermuseet.no\/flyhistorisk\/#\/schema\/person\/fb7c64a141b10ccbf139c101c1c39297"},"headline":"For v\u00e5re kamerater","datePublished":"2019-12-17T14:07:59+00:00","dateModified":"2019-12-17T14:09:01+00:00","mainEntityOfPage":{"@id":"https:\/\/www.jaermuseet.no\/flyhistorisk\/for-vare-kamerater\/"},"wordCount":681,"image":{"@id":"https:\/\/www.jaermuseet.no\/flyhistorisk\/for-vare-kamerater\/#primaryimage"},"thumbnailUrl":"https:\/\/www.jaermuseet.no\/flyhistorisk\/wp-content\/uploads\/sites\/4\/2019\/12\/J\u00c6F215.0005.jpg","articleSection":["Aktuelt"],"inLanguage":"nn-NO"},{"@type":"WebPage","@id":"https:\/\/www.jaermuseet.no\/flyhistorisk\/for-vare-kamerater\/","url":"https:\/\/www.jaermuseet.no\/flyhistorisk\/for-vare-kamerater\/","name":"For v\u00e5re kamerater - Flyhistorisk Museum Sola","isPartOf":{"@id":"https:\/\/www.jaermuseet.no\/flyhistorisk\/#website"},"primaryImageOfPage":{"@id":"https:\/\/www.jaermuseet.no\/flyhistorisk\/for-vare-kamerater\/#primaryimage"},"image":{"@id":"https:\/\/www.jaermuseet.no\/flyhistorisk\/for-vare-kamerater\/#primaryimage"},"thumbnailUrl":"https:\/\/www.jaermuseet.no\/flyhistorisk\/wp-content\/uploads\/sites\/4\/2019\/12\/J\u00c6F215.0005.jpg","datePublished":"2019-12-17T14:07:59+00:00","dateModified":"2019-12-17T14:09:01+00:00","author":{"@id":"https:\/\/www.jaermuseet.no\/flyhistorisk\/#\/schema\/person\/fb7c64a141b10ccbf139c101c1c39297"},"breadcrumb":{"@id":"https:\/\/www.jaermuseet.no\/flyhistorisk\/for-vare-kamerater\/#breadcrumb"},"inLanguage":"nn-NO","potentialAction":[{"@type":"ReadAction","target":["https:\/\/www.jaermuseet.no\/flyhistorisk\/for-vare-kamerater\/"]}]},{"@type":"ImageObject","inLanguage":"nn-NO","@id":"https:\/\/www.jaermuseet.no\/flyhistorisk\/for-vare-kamerater\/#primaryimage","url":"https:\/\/www.jaermuseet.no\/flyhistorisk\/wp-content\/uploads\/sites\/4\/2019\/12\/J\u00c6F215.0005.jpg","contentUrl":"https:\/\/www.jaermuseet.no\/flyhistorisk\/wp-content\/uploads\/sites\/4\/2019\/12\/J\u00c6F215.0005.jpg","width":2535,"height":2535},{"@type":"BreadcrumbList","@id":"https:\/\/www.jaermuseet.no\/flyhistorisk\/for-vare-kamerater\/#breadcrumb","itemListElement":[{"@type":"ListItem","position":1,"name":"Hjem","item":"https:\/\/www.jaermuseet.no\/flyhistorisk\/"},{"@type":"ListItem","position":2,"name":"For v\u00e5re kamerater"}]},{"@type":"WebSite","@id":"https:\/\/www.jaermuseet.no\/flyhistorisk\/#website","url":"https:\/\/www.jaermuseet.no\/flyhistorisk\/","name":"Flyhistorisk Museum Sola","description":"One of Norway\u2019s largest civil collections of airplanes","potentialAction":[{"@type":"SearchAction","target":{"@type":"EntryPoint","urlTemplate":"https:\/\/www.jaermuseet.no\/flyhistorisk\/?s={search_term_string}"},"query-input":{"@type":"PropertyValueSpecification","valueRequired":true,"valueName":"search_term_string"}}],"inLanguage":"nn-NO"},{"@type":"Person","@id":"https:\/\/www.jaermuseet.no\/flyhistorisk\/#\/schema\/person\/fb7c64a141b10ccbf139c101c1c39297","name":"Flyhistorisk","image":{"@type":"ImageObject","inLanguage":"nn-NO","@id":"https:\/\/secure.gravatar.com\/avatar\/6a67dd7f87836b69b29b49028b01bea26bbf872caff3451d17e160f5c4c6e156?s=96&d=mm&r=g","url":"https:\/\/secure.gravatar.com\/avatar\/6a67dd7f87836b69b29b49028b01bea26bbf872caff3451d17e160f5c4c6e156?s=96&d=mm&r=g","contentUrl":"https:\/\/secure.gravatar.com\/avatar\/6a67dd7f87836b69b29b49028b01bea26bbf872caff3451d17e160f5c4c6e156?s=96&d=mm&r=g","caption":"Flyhistorisk"},"url":"https:\/\/www.jaermuseet.no\/flyhistorisk\/author\/flyhistorisk\/"}]}},"cc_featured_image_caption":{"caption_text":"","source_text":"","source_url":""},"jetpack_featured_media_url":"https:\/\/www.jaermuseet.no\/flyhistorisk\/wp-content\/uploads\/sites\/4\/2019\/12\/J\u00c6F215.0005.jpg","jetpack_sharing_enabled":true,"_links":{"self":[{"href":"https:\/\/www.jaermuseet.no\/flyhistorisk\/wp-json\/wp\/v2\/posts\/1436","targetHints":{"allow":["GET"]}}],"collection":[{"href":"https:\/\/www.jaermuseet.no\/flyhistorisk\/wp-json\/wp\/v2\/posts"}],"about":[{"href":"https:\/\/www.jaermuseet.no\/flyhistorisk\/wp-json\/wp\/v2\/types\/post"}],"author":[{"embeddable":true,"href":"https:\/\/www.jaermuseet.no\/flyhistorisk\/wp-json\/wp\/v2\/users\/3"}],"replies":[{"embeddable":true,"href":"https:\/\/www.jaermuseet.no\/flyhistorisk\/wp-json\/wp\/v2\/comments?post=1436"}],"version-history":[{"count":1,"href":"https:\/\/www.jaermuseet.no\/flyhistorisk\/wp-json\/wp\/v2\/posts\/1436\/revisions"}],"predecessor-version":[{"id":1445,"href":"https:\/\/www.jaermuseet.no\/flyhistorisk\/wp-json\/wp\/v2\/posts\/1436\/revisions\/1445"}],"wp:featuredmedia":[{"embeddable":true,"href":"https:\/\/www.jaermuseet.no\/flyhistorisk\/wp-json\/wp\/v2\/media\/1444"}],"wp:attachment":[{"href":"https:\/\/www.jaermuseet.no\/flyhistorisk\/wp-json\/wp\/v2\/media?parent=1436"}],"wp:term":[{"taxonomy":"category","embeddable":true,"href":"https:\/\/www.jaermuseet.no\/flyhistorisk\/wp-json\/wp\/v2\/categories?post=1436"},{"taxonomy":"post_tag","embeddable":true,"href":"https:\/\/www.jaermuseet.no\/flyhistorisk\/wp-json\/wp\/v2\/tags?post=1436"}],"curies":[{"name":"wp","href":"https:\/\/api.w.org\/{rel}","templated":true}]}}