{"id":10,"date":"2014-05-01T09:22:45","date_gmt":"2014-05-01T08:22:45","guid":{"rendered":"https:\/\/www.jaermuseet.no\/flyhistorisk\/sesongapning-pa-flymuseet\/"},"modified":"2015-10-01T11:17:01","modified_gmt":"2015-10-01T09:17:01","slug":"sesongapning-pa-flymuseet","status":"publish","type":"post","link":"https:\/\/www.jaermuseet.no\/flyhistorisk\/sesongapning-pa-flymuseet\/","title":{"rendered":"Sesong\u00e5pning p\u00e5 flymuseet!"},"content":{"rendered":"<p style=\"text-align: justify\"><strong><span style=\"font-size: 12pt\">F\u00f8rstkommende s\u00f8ndag, 4. mai, \u00e5pner Flyhistorisk Museum Sola atter en gang sine d\u00f8rer for publikum. Den siste uken har entusiaster fra museets venneforening og ansatte i J\u00e6rmuseet st\u00e5tt p\u00e5 gjennom hele dagen for \u00e5 klargj\u00f8re museet til \u00e5rets \u00e5pning. Denne uken ble to st\u00f8rre gjenstander m\u00f8ysommelig plassert i museets utstilling. <\/span><\/strong><\/p>\n<p><span style=\"font-size: 12pt\"><span style=\"font-size: 10pt\">Bakd\u00f8ren til museets legendariske Convair CV-440 Metropolitan har f\u00e5tt ny adkomstvei, en flytrapp fra Braathens SAFE. Flytrappen ble donert museet sist h\u00f8st av en giver p\u00e5 Lista.<\/span><\/span><\/p>\n<p style=\"text-align: justify;margin-bottom: 0pt\"><span style=\"font-size: 10pt\">Museet har dessuten f\u00e5tt et klenodie i verdensklasse p\u00e5 plass i utstillingen denne uken, bakparten til det tyske bombeflyet Heinkel He 115! Dette er \u00e8n av de fem hovedseksjonene til det tyske andreverdenskrigsflyet museet hevet fra Hafrsfjord sommeren 2012. H\u00f8sten 2013 ble seksjonen grundig rengjort og konservert. Den ble s\u00e5 midlertidig flyttet til et hj\u00f8rne i hangaren. Denne uken ble seksjonen omsider omplassert til det som skal v\u00e6re dens faste plass i utstillingen den kommende tiden. <\/span><\/p>\n<p><span style=\"font-size: 10pt\">Ettersom museets utstillingshangar har blitt mer enn fylt opp av fly siden museets grunnleggelse i 1984 var det ikke gjort p\u00e5 en-to-tre \u00e5 plassere disse to gjenstandene i utstillingen. For \u00e5 rydde vei til plasseringen av Braathenstrappen og Heinkelens haleseksjon m\u00e5tte man flytte p\u00e5 ikke mindre enn fem fly, to av dem m\u00e5tte flyttes helt ut av hangaren. Man m\u00e5tte ogs\u00e5 flytte nesten et dusin flymotorer. Til tross for at timene gikk og marginene p\u00e5 hver side av flyene ofte ikke var mer enn 2-3 centimeter endte man dagen mer eller mindre der man hadde planlagt. <\/span><\/p>\n<p style=\"text-align: justify;margin-bottom: 0pt\"><span style=\"font-size: 10pt\">Det siste \u00e5ret har man dessuten malt hele hangargulvet i museets utstillingshall, en flate p\u00e5 omkring 3000 kvadratmeter! Det gr\u00e5e underlaget er med dette byttet ut med et hvitt underlag. Dette \u00f8ker helhetsinntrykket av b\u00e5de museet og de enkelte flyene vesentlig! <\/span><\/p>\n<p style=\"text-align: justify;margin-bottom: 0pt\"><span style=\"font-size: 10pt\">Vi har \u00e5pent hver s\u00f8ndag fra 4. mai til og med 22. juni fra klokken 12:00 til 16:00. Fra 24. juni til og med 17. august har vi \u00e5pent hver dag, utenom mandager, til samme tid! Deretter har vi \u00e5pent s\u00f8ndagene fra 24. august til og med 30. november. Museet tar dessuten imot forh\u00e5ndsbestilte gruppebes\u00f8k gjennom hele \u00e5ret.<\/span><\/p>\n<p style=\"text-align: justify;margin-bottom: 0pt\"><span style=\"font-size: 10pt\">Med dette sier vi velkommen til Flyhistorisk Museum Sola for 2014-sesongen!<\/span><\/p>\n","protected":false},"excerpt":{"rendered":"<p style=\"text-align: justify\"><span style=\"line-height: 115%;font-family: 'Calibri','sans-serif';font-size: 12pt\"><img loading=\"lazy\" decoding=\"async\" width=\"325\" height=\"220\" style=\"margin-right: 2px;margin-bottom: 5px;float: left\" alt=\"P4280088\" src=\"images\/stories\/sola_flyhistorisk\/2014Dugnad\/P4280088.JPG\" \/>F\u00f8rstkommende s\u00f8ndag, 4. mai, \u00e5pner Flyhistorisk Museum Sola atter en gang sine d\u00f8rer for publikum. Den siste uken har entusiaster fra museets venneforening og ansatte fra J\u00e6rmuseet st\u00e5tt p\u00e5 gjennom hele dagen for \u00e5 klargj\u00f8re museet til \u00e5rets \u00e5pning. <br \/><\/span><\/p>\n","protected":false},"author":3,"featured_media":365,"comment_status":"open","ping_status":"open","sticky":false,"template":"","format":"standard","meta":{"_acf_changed":false,"_jetpack_memberships_contains_paid_content":false,"footnotes":""},"categories":[2],"tags":[],"class_list":["post-10","post","type-post","status-publish","format-standard","has-post-thumbnail","hentry","category-aktuelt","featured-image-size-large"],"acf":[],"yoast_head":"<!-- This site is optimized with the Yoast SEO plugin v27.4 - https:\/\/yoast.com\/product\/yoast-seo-wordpress\/ -->\n<title>Sesong\u00e5pning p\u00e5 flymuseet! - Flyhistorisk Museum Sola<\/title>\n<meta name=\"robots\" content=\"index, follow, max-snippet:-1, max-image-preview:large, max-video-preview:-1\" \/>\n<link rel=\"canonical\" href=\"https:\/\/www.jaermuseet.no\/flyhistorisk\/sesongapning-pa-flymuseet\/\" \/>\n<meta property=\"og:locale\" content=\"nn_NO\" \/>\n<meta property=\"og:type\" content=\"article\" \/>\n<meta property=\"og:title\" content=\"Sesong\u00e5pning p\u00e5 flymuseet! - Flyhistorisk Museum Sola\" \/>\n<meta property=\"og:description\" content=\"F\u00f8rstkommende s\u00f8ndag, 4. mai, \u00e5pner Flyhistorisk Museum Sola atter en gang sine d\u00f8rer for publikum. Den siste uken har entusiaster fra museets venneforening og ansatte fra J\u00e6rmuseet st\u00e5tt p\u00e5 gjennom hele dagen for \u00e5 klargj\u00f8re museet til \u00e5rets \u00e5pning.\" \/>\n<meta property=\"og:url\" content=\"https:\/\/www.jaermuseet.no\/flyhistorisk\/sesongapning-pa-flymuseet\/\" \/>\n<meta property=\"og:site_name\" content=\"Flyhistorisk Museum Sola\" \/>\n<meta property=\"article:published_time\" content=\"2014-05-01T08:22:45+00:00\" \/>\n<meta property=\"article:modified_time\" content=\"2015-10-01T09:17:01+00:00\" \/>\n<meta property=\"og:image\" content=\"https:\/\/www.jaermuseet.no\/flyhistorisk\/wp-content\/uploads\/sites\/4\/2014\/05\/Sesong\u00e5pning.jpg\" \/>\n\t<meta property=\"og:image:width\" content=\"3264\" \/>\n\t<meta property=\"og:image:height\" content=\"1836\" \/>\n\t<meta property=\"og:image:type\" content=\"image\/jpeg\" \/>\n<meta name=\"author\" content=\"Flyhistorisk\" \/>\n<meta name=\"twitter:card\" content=\"summary_large_image\" \/>\n<meta name=\"twitter:label1\" content=\"Written by\" \/>\n\t<meta name=\"twitter:data1\" content=\"Flyhistorisk\" \/>\n\t<meta name=\"twitter:label2\" content=\"Est. reading time\" \/>\n\t<meta name=\"twitter:data2\" content=\"2 minutt\" \/>\n<script type=\"application\/ld+json\" class=\"yoast-schema-graph\">{\"@context\":\"https:\\\/\\\/schema.org\",\"@graph\":[{\"@type\":\"Article\",\"@id\":\"https:\\\/\\\/www.jaermuseet.no\\\/flyhistorisk\\\/sesongapning-pa-flymuseet\\\/#article\",\"isPartOf\":{\"@id\":\"https:\\\/\\\/www.jaermuseet.no\\\/flyhistorisk\\\/sesongapning-pa-flymuseet\\\/\"},\"author\":{\"name\":\"Flyhistorisk\",\"@id\":\"https:\\\/\\\/www.jaermuseet.no\\\/flyhistorisk\\\/#\\\/schema\\\/person\\\/fb7c64a141b10ccbf139c101c1c39297\"},\"headline\":\"Sesong\u00e5pning p\u00e5 flymuseet!\",\"datePublished\":\"2014-05-01T08:22:45+00:00\",\"dateModified\":\"2015-10-01T09:17:01+00:00\",\"mainEntityOfPage\":{\"@id\":\"https:\\\/\\\/www.jaermuseet.no\\\/flyhistorisk\\\/sesongapning-pa-flymuseet\\\/\"},\"wordCount\":370,\"commentCount\":0,\"image\":{\"@id\":\"https:\\\/\\\/www.jaermuseet.no\\\/flyhistorisk\\\/sesongapning-pa-flymuseet\\\/#primaryimage\"},\"thumbnailUrl\":\"https:\\\/\\\/www.jaermuseet.no\\\/flyhistorisk\\\/wp-content\\\/uploads\\\/sites\\\/4\\\/2014\\\/05\\\/Sesong\u00e5pning.jpg\",\"articleSection\":[\"Aktuelt\"],\"inLanguage\":\"nn-NO\",\"potentialAction\":[{\"@type\":\"CommentAction\",\"name\":\"Comment\",\"target\":[\"https:\\\/\\\/www.jaermuseet.no\\\/flyhistorisk\\\/sesongapning-pa-flymuseet\\\/#respond\"]}]},{\"@type\":\"WebPage\",\"@id\":\"https:\\\/\\\/www.jaermuseet.no\\\/flyhistorisk\\\/sesongapning-pa-flymuseet\\\/\",\"url\":\"https:\\\/\\\/www.jaermuseet.no\\\/flyhistorisk\\\/sesongapning-pa-flymuseet\\\/\",\"name\":\"Sesong\u00e5pning p\u00e5 flymuseet! - Flyhistorisk Museum Sola\",\"isPartOf\":{\"@id\":\"https:\\\/\\\/www.jaermuseet.no\\\/flyhistorisk\\\/#website\"},\"primaryImageOfPage\":{\"@id\":\"https:\\\/\\\/www.jaermuseet.no\\\/flyhistorisk\\\/sesongapning-pa-flymuseet\\\/#primaryimage\"},\"image\":{\"@id\":\"https:\\\/\\\/www.jaermuseet.no\\\/flyhistorisk\\\/sesongapning-pa-flymuseet\\\/#primaryimage\"},\"thumbnailUrl\":\"https:\\\/\\\/www.jaermuseet.no\\\/flyhistorisk\\\/wp-content\\\/uploads\\\/sites\\\/4\\\/2014\\\/05\\\/Sesong\u00e5pning.jpg\",\"datePublished\":\"2014-05-01T08:22:45+00:00\",\"dateModified\":\"2015-10-01T09:17:01+00:00\",\"author\":{\"@id\":\"https:\\\/\\\/www.jaermuseet.no\\\/flyhistorisk\\\/#\\\/schema\\\/person\\\/fb7c64a141b10ccbf139c101c1c39297\"},\"breadcrumb\":{\"@id\":\"https:\\\/\\\/www.jaermuseet.no\\\/flyhistorisk\\\/sesongapning-pa-flymuseet\\\/#breadcrumb\"},\"inLanguage\":\"nn-NO\",\"potentialAction\":[{\"@type\":\"ReadAction\",\"target\":[\"https:\\\/\\\/www.jaermuseet.no\\\/flyhistorisk\\\/sesongapning-pa-flymuseet\\\/\"]}]},{\"@type\":\"ImageObject\",\"inLanguage\":\"nn-NO\",\"@id\":\"https:\\\/\\\/www.jaermuseet.no\\\/flyhistorisk\\\/sesongapning-pa-flymuseet\\\/#primaryimage\",\"url\":\"https:\\\/\\\/www.jaermuseet.no\\\/flyhistorisk\\\/wp-content\\\/uploads\\\/sites\\\/4\\\/2014\\\/05\\\/Sesong\u00e5pning.jpg\",\"contentUrl\":\"https:\\\/\\\/www.jaermuseet.no\\\/flyhistorisk\\\/wp-content\\\/uploads\\\/sites\\\/4\\\/2014\\\/05\\\/Sesong\u00e5pning.jpg\",\"width\":3264,\"height\":1836},{\"@type\":\"BreadcrumbList\",\"@id\":\"https:\\\/\\\/www.jaermuseet.no\\\/flyhistorisk\\\/sesongapning-pa-flymuseet\\\/#breadcrumb\",\"itemListElement\":[{\"@type\":\"ListItem\",\"position\":1,\"name\":\"Hjem\",\"item\":\"https:\\\/\\\/www.jaermuseet.no\\\/flyhistorisk\\\/\"},{\"@type\":\"ListItem\",\"position\":2,\"name\":\"Sesong\u00e5pning p\u00e5 flymuseet!\"}]},{\"@type\":\"WebSite\",\"@id\":\"https:\\\/\\\/www.jaermuseet.no\\\/flyhistorisk\\\/#website\",\"url\":\"https:\\\/\\\/www.jaermuseet.no\\\/flyhistorisk\\\/\",\"name\":\"Flyhistorisk Museum Sola\",\"description\":\"One of Norway\u2019s largest civil collections of airplanes\",\"potentialAction\":[{\"@type\":\"SearchAction\",\"target\":{\"@type\":\"EntryPoint\",\"urlTemplate\":\"https:\\\/\\\/www.jaermuseet.no\\\/flyhistorisk\\\/?s={search_term_string}\"},\"query-input\":{\"@type\":\"PropertyValueSpecification\",\"valueRequired\":true,\"valueName\":\"search_term_string\"}}],\"inLanguage\":\"nn-NO\"},{\"@type\":\"Person\",\"@id\":\"https:\\\/\\\/www.jaermuseet.no\\\/flyhistorisk\\\/#\\\/schema\\\/person\\\/fb7c64a141b10ccbf139c101c1c39297\",\"name\":\"Flyhistorisk\",\"image\":{\"@type\":\"ImageObject\",\"inLanguage\":\"nn-NO\",\"@id\":\"https:\\\/\\\/secure.gravatar.com\\\/avatar\\\/6a67dd7f87836b69b29b49028b01bea26bbf872caff3451d17e160f5c4c6e156?s=96&d=mm&r=g\",\"url\":\"https:\\\/\\\/secure.gravatar.com\\\/avatar\\\/6a67dd7f87836b69b29b49028b01bea26bbf872caff3451d17e160f5c4c6e156?s=96&d=mm&r=g\",\"contentUrl\":\"https:\\\/\\\/secure.gravatar.com\\\/avatar\\\/6a67dd7f87836b69b29b49028b01bea26bbf872caff3451d17e160f5c4c6e156?s=96&d=mm&r=g\",\"caption\":\"Flyhistorisk\"},\"url\":\"https:\\\/\\\/www.jaermuseet.no\\\/flyhistorisk\\\/author\\\/flyhistorisk\\\/\"}]}<\/script>\n<!-- \/ Yoast SEO plugin. -->","yoast_head_json":{"title":"Sesong\u00e5pning p\u00e5 flymuseet! - Flyhistorisk Museum Sola","robots":{"index":"index","follow":"follow","max-snippet":"max-snippet:-1","max-image-preview":"max-image-preview:large","max-video-preview":"max-video-preview:-1"},"canonical":"https:\/\/www.jaermuseet.no\/flyhistorisk\/sesongapning-pa-flymuseet\/","og_locale":"nn_NO","og_type":"article","og_title":"Sesong\u00e5pning p\u00e5 flymuseet! - Flyhistorisk Museum Sola","og_description":"F\u00f8rstkommende s\u00f8ndag, 4. mai, \u00e5pner Flyhistorisk Museum Sola atter en gang sine d\u00f8rer for publikum. Den siste uken har entusiaster fra museets venneforening og ansatte fra J\u00e6rmuseet st\u00e5tt p\u00e5 gjennom hele dagen for \u00e5 klargj\u00f8re museet til \u00e5rets \u00e5pning.","og_url":"https:\/\/www.jaermuseet.no\/flyhistorisk\/sesongapning-pa-flymuseet\/","og_site_name":"Flyhistorisk Museum Sola","article_published_time":"2014-05-01T08:22:45+00:00","article_modified_time":"2015-10-01T09:17:01+00:00","og_image":[{"width":3264,"height":1836,"url":"https:\/\/www.jaermuseet.no\/flyhistorisk\/wp-content\/uploads\/sites\/4\/2014\/05\/Sesong\u00e5pning.jpg","type":"image\/jpeg"}],"author":"Flyhistorisk","twitter_card":"summary_large_image","twitter_misc":{"Written by":"Flyhistorisk","Est. reading time":"2 minutt"},"schema":{"@context":"https:\/\/schema.org","@graph":[{"@type":"Article","@id":"https:\/\/www.jaermuseet.no\/flyhistorisk\/sesongapning-pa-flymuseet\/#article","isPartOf":{"@id":"https:\/\/www.jaermuseet.no\/flyhistorisk\/sesongapning-pa-flymuseet\/"},"author":{"name":"Flyhistorisk","@id":"https:\/\/www.jaermuseet.no\/flyhistorisk\/#\/schema\/person\/fb7c64a141b10ccbf139c101c1c39297"},"headline":"Sesong\u00e5pning p\u00e5 flymuseet!","datePublished":"2014-05-01T08:22:45+00:00","dateModified":"2015-10-01T09:17:01+00:00","mainEntityOfPage":{"@id":"https:\/\/www.jaermuseet.no\/flyhistorisk\/sesongapning-pa-flymuseet\/"},"wordCount":370,"commentCount":0,"image":{"@id":"https:\/\/www.jaermuseet.no\/flyhistorisk\/sesongapning-pa-flymuseet\/#primaryimage"},"thumbnailUrl":"https:\/\/www.jaermuseet.no\/flyhistorisk\/wp-content\/uploads\/sites\/4\/2014\/05\/Sesong\u00e5pning.jpg","articleSection":["Aktuelt"],"inLanguage":"nn-NO","potentialAction":[{"@type":"CommentAction","name":"Comment","target":["https:\/\/www.jaermuseet.no\/flyhistorisk\/sesongapning-pa-flymuseet\/#respond"]}]},{"@type":"WebPage","@id":"https:\/\/www.jaermuseet.no\/flyhistorisk\/sesongapning-pa-flymuseet\/","url":"https:\/\/www.jaermuseet.no\/flyhistorisk\/sesongapning-pa-flymuseet\/","name":"Sesong\u00e5pning p\u00e5 flymuseet! - Flyhistorisk Museum Sola","isPartOf":{"@id":"https:\/\/www.jaermuseet.no\/flyhistorisk\/#website"},"primaryImageOfPage":{"@id":"https:\/\/www.jaermuseet.no\/flyhistorisk\/sesongapning-pa-flymuseet\/#primaryimage"},"image":{"@id":"https:\/\/www.jaermuseet.no\/flyhistorisk\/sesongapning-pa-flymuseet\/#primaryimage"},"thumbnailUrl":"https:\/\/www.jaermuseet.no\/flyhistorisk\/wp-content\/uploads\/sites\/4\/2014\/05\/Sesong\u00e5pning.jpg","datePublished":"2014-05-01T08:22:45+00:00","dateModified":"2015-10-01T09:17:01+00:00","author":{"@id":"https:\/\/www.jaermuseet.no\/flyhistorisk\/#\/schema\/person\/fb7c64a141b10ccbf139c101c1c39297"},"breadcrumb":{"@id":"https:\/\/www.jaermuseet.no\/flyhistorisk\/sesongapning-pa-flymuseet\/#breadcrumb"},"inLanguage":"nn-NO","potentialAction":[{"@type":"ReadAction","target":["https:\/\/www.jaermuseet.no\/flyhistorisk\/sesongapning-pa-flymuseet\/"]}]},{"@type":"ImageObject","inLanguage":"nn-NO","@id":"https:\/\/www.jaermuseet.no\/flyhistorisk\/sesongapning-pa-flymuseet\/#primaryimage","url":"https:\/\/www.jaermuseet.no\/flyhistorisk\/wp-content\/uploads\/sites\/4\/2014\/05\/Sesong\u00e5pning.jpg","contentUrl":"https:\/\/www.jaermuseet.no\/flyhistorisk\/wp-content\/uploads\/sites\/4\/2014\/05\/Sesong\u00e5pning.jpg","width":3264,"height":1836},{"@type":"BreadcrumbList","@id":"https:\/\/www.jaermuseet.no\/flyhistorisk\/sesongapning-pa-flymuseet\/#breadcrumb","itemListElement":[{"@type":"ListItem","position":1,"name":"Hjem","item":"https:\/\/www.jaermuseet.no\/flyhistorisk\/"},{"@type":"ListItem","position":2,"name":"Sesong\u00e5pning p\u00e5 flymuseet!"}]},{"@type":"WebSite","@id":"https:\/\/www.jaermuseet.no\/flyhistorisk\/#website","url":"https:\/\/www.jaermuseet.no\/flyhistorisk\/","name":"Flyhistorisk Museum Sola","description":"One of Norway\u2019s largest civil collections of airplanes","potentialAction":[{"@type":"SearchAction","target":{"@type":"EntryPoint","urlTemplate":"https:\/\/www.jaermuseet.no\/flyhistorisk\/?s={search_term_string}"},"query-input":{"@type":"PropertyValueSpecification","valueRequired":true,"valueName":"search_term_string"}}],"inLanguage":"nn-NO"},{"@type":"Person","@id":"https:\/\/www.jaermuseet.no\/flyhistorisk\/#\/schema\/person\/fb7c64a141b10ccbf139c101c1c39297","name":"Flyhistorisk","image":{"@type":"ImageObject","inLanguage":"nn-NO","@id":"https:\/\/secure.gravatar.com\/avatar\/6a67dd7f87836b69b29b49028b01bea26bbf872caff3451d17e160f5c4c6e156?s=96&d=mm&r=g","url":"https:\/\/secure.gravatar.com\/avatar\/6a67dd7f87836b69b29b49028b01bea26bbf872caff3451d17e160f5c4c6e156?s=96&d=mm&r=g","contentUrl":"https:\/\/secure.gravatar.com\/avatar\/6a67dd7f87836b69b29b49028b01bea26bbf872caff3451d17e160f5c4c6e156?s=96&d=mm&r=g","caption":"Flyhistorisk"},"url":"https:\/\/www.jaermuseet.no\/flyhistorisk\/author\/flyhistorisk\/"}]}},"cc_featured_image_caption":{"caption_text":"","source_text":"","source_url":""},"jetpack_featured_media_url":"https:\/\/www.jaermuseet.no\/flyhistorisk\/wp-content\/uploads\/sites\/4\/2014\/05\/Sesong\u00e5pning.jpg","jetpack_sharing_enabled":true,"_links":{"self":[{"href":"https:\/\/www.jaermuseet.no\/flyhistorisk\/wp-json\/wp\/v2\/posts\/10","targetHints":{"allow":["GET"]}}],"collection":[{"href":"https:\/\/www.jaermuseet.no\/flyhistorisk\/wp-json\/wp\/v2\/posts"}],"about":[{"href":"https:\/\/www.jaermuseet.no\/flyhistorisk\/wp-json\/wp\/v2\/types\/post"}],"author":[{"embeddable":true,"href":"https:\/\/www.jaermuseet.no\/flyhistorisk\/wp-json\/wp\/v2\/users\/3"}],"replies":[{"embeddable":true,"href":"https:\/\/www.jaermuseet.no\/flyhistorisk\/wp-json\/wp\/v2\/comments?post=10"}],"version-history":[{"count":2,"href":"https:\/\/www.jaermuseet.no\/flyhistorisk\/wp-json\/wp\/v2\/posts\/10\/revisions"}],"predecessor-version":[{"id":353,"href":"https:\/\/www.jaermuseet.no\/flyhistorisk\/wp-json\/wp\/v2\/posts\/10\/revisions\/353"}],"wp:featuredmedia":[{"embeddable":true,"href":"https:\/\/www.jaermuseet.no\/flyhistorisk\/wp-json\/wp\/v2\/media\/365"}],"wp:attachment":[{"href":"https:\/\/www.jaermuseet.no\/flyhistorisk\/wp-json\/wp\/v2\/media?parent=10"}],"wp:term":[{"taxonomy":"category","embeddable":true,"href":"https:\/\/www.jaermuseet.no\/flyhistorisk\/wp-json\/wp\/v2\/categories?post=10"},{"taxonomy":"post_tag","embeddable":true,"href":"https:\/\/www.jaermuseet.no\/flyhistorisk\/wp-json\/wp\/v2\/tags?post=10"}],"curies":[{"name":"wp","href":"https:\/\/api.w.org\/{rel}","templated":true}]}}